{"id":9633,"date":"2019-08-28T16:52:09","date_gmt":"2019-08-28T14:52:09","guid":{"rendered":"https:\/\/celtaatletismo.es\/blog\/?p=9633"},"modified":"2019-08-28T16:53:01","modified_gmt":"2019-08-28T14:53:01","slug":"xcix-campeonato-de-espana-absoluto","status":"publish","type":"post","link":"https:\/\/celtaatletismo.es\/blog\/xcix-campeonato-de-espana-absoluto\/","title":{"rendered":"XCIX CAMPEONATO DE ESPA\u00d1A ABSOLUTO"},"content":{"rendered":"<p>Esta ma\u00f1ana se ha publicado la lista de inscritos en el <a><b>XCIX CAMPEONATO DE ESPA\u00d1A ABSOLUTO<\/b> a celebrar en La Nuc\u00eda (Alicante).<br \/>\n<\/a>Siete ser\u00e1n l@s representantes c\u00e9lticos en dicho Campeonato.<br \/>\nNuestra martillista <strong>Irene G\u00f3mez<\/strong> es la mejor situada. Sus 57.41m la colocan en 5\u00aa posici\u00f3n de la lista de salida.<br \/>\nEn el 7\u00ba puesto del Heptathlon est\u00e1<strong>\u00a0<\/strong><strong>Alicia<\/strong> <strong>Merino<\/strong> con 4669 puntos. Tanto Irene como Alicia obstentan el r\u00e9cord de club en sus pruebas con estos registros. Adem\u00e1s Alicia tambi\u00e9n figura inscrita en los 100mv. en el puesto 23\u00ba con 14.70s.<br \/>\nNuestro combinero masculino <strong>Adolfo Sainz-Maza<\/strong>, est\u00e1 situado en el puesto 11 del Decathlon con 6.208 Puntos.<br \/>\n<strong>Mar Chill\u00f3n<\/strong> figura 15\u00aa en la lista de salida de los 10000m. Marcha.<br \/>\n<strong>Pedro Juncal<\/strong>, con su marca personal de 47.99s en los 400ml. se sit\u00faa en 19\u00aa posici\u00f3n.<br \/>\nAdem\u00e1s de Alicia, en los 100mv, tambi\u00e9n tendremos a <strong>Emma Valencia<\/strong> que con 14.82s ocupa el puesto n\u00famero 26.<br \/>\nEn los 1500ml participar\u00e1 <strong>Gonzalo Basconcelo<\/strong> ocupando la 37\u00aa posici\u00f3n de la lista de salida.<\/p>\n","protected":false},"excerpt":{"rendered":"<p>Esta ma\u00f1ana se ha publicado la lista de inscritos en el XCIX CAMPEONATO DE ESPA\u00d1A ABSOLUTO a celebrar en La Nuc\u00eda (Alicante). Siete ser\u00e1n l@s representantes c\u00e9lticos en dicho Campeonato. Nuestra martillista Irene G\u00f3mez es la mejor situada. Sus 57.41m la colocan en 5\u00aa posici\u00f3n de la lista de salida. En el 7\u00ba puesto del [&hellip;]<\/p>\n","protected":false},"author":10,"featured_media":9622,"comment_status":"open","ping_status":"closed","sticky":false,"template":"","format":"standard","meta":{"_monsterinsights_skip_tracking":false,"_monsterinsights_sitenote_active":false,"_monsterinsights_sitenote_note":"","_monsterinsights_sitenote_category":0},"categories":[1],"tags":[],"yoast_head":"<!-- This site is optimized with the Yoast SEO plugin v20.9 - https:\/\/yoast.com\/wordpress\/plugins\/seo\/ -->\n<title>XCIX CAMPEONATO DE ESPA\u00d1A ABSOLUTO - Celta Atletismo<\/title>\n<meta name=\"robots\" content=\"index, follow, max-snippet:-1, max-image-preview:large, max-video-preview:-1\" \/>\n<link rel=\"canonical\" href=\"https:\/\/celtaatletismo.es\/blog\/xcix-campeonato-de-espana-absoluto\/\" \/>\n<meta property=\"og:locale\" content=\"es_ES\" \/>\n<meta property=\"og:type\" content=\"article\" \/>\n<meta property=\"og:title\" content=\"XCIX CAMPEONATO DE ESPA\u00d1A ABSOLUTO - Celta Atletismo\" \/>\n<meta property=\"og:description\" content=\"Esta ma\u00f1ana se ha publicado la lista de inscritos en el XCIX CAMPEONATO DE ESPA\u00d1A ABSOLUTO a celebrar en La Nuc\u00eda (Alicante). Siete ser\u00e1n l@s representantes c\u00e9lticos en dicho Campeonato. Nuestra martillista Irene G\u00f3mez es la mejor situada. Sus 57.41m la colocan en 5\u00aa posici\u00f3n de la lista de salida. En el 7\u00ba puesto del [&hellip;]\" \/>\n<meta property=\"og:url\" content=\"https:\/\/celtaatletismo.es\/blog\/xcix-campeonato-de-espana-absoluto\/\" \/>\n<meta property=\"og:site_name\" content=\"Celta Atletismo\" \/>\n<meta property=\"article:publisher\" content=\"https:\/\/www.facebook.com\/Real-Club-Celta-de-Atletismo-Atletismo-Femenino-Celta-177005092323603\/\" \/>\n<meta property=\"article:published_time\" content=\"2019-08-28T14:52:09+00:00\" \/>\n<meta property=\"article:modified_time\" content=\"2019-08-28T14:53:01+00:00\" \/>\n<meta property=\"og:image\" content=\"https:\/\/celtaatletismo.es\/blog\/wp-content\/uploads\/2019\/08\/18422366_10203003685890226_3908325081850852489_o.jpg\" \/>\n\t<meta property=\"og:image:width\" content=\"2048\" \/>\n\t<meta property=\"og:image:height\" content=\"1365\" \/>\n\t<meta property=\"og:image:type\" content=\"image\/jpeg\" \/>\n<meta name=\"author\" content=\"Celta Atletismo\" \/>\n<meta name=\"twitter:card\" content=\"summary_large_image\" \/>\n<meta name=\"twitter:creator\" content=\"@CeltaAtletismo\" \/>\n<meta name=\"twitter:site\" content=\"@CeltaAtletismo\" \/>\n<meta name=\"twitter:label1\" content=\"Escrito por\" \/>\n\t<meta name=\"twitter:data1\" content=\"Celta Atletismo\" \/>\n\t<meta name=\"twitter:label2\" content=\"Tiempo de lectura\" \/>\n\t<meta name=\"twitter:data2\" content=\"1 minuto\" \/>\n<script type=\"application\/ld+json\" class=\"yoast-schema-graph\">{\"@context\":\"https:\/\/schema.org\",\"@graph\":[{\"@type\":\"Article\",\"@id\":\"https:\/\/celtaatletismo.es\/blog\/xcix-campeonato-de-espana-absoluto\/#article\",\"isPartOf\":{\"@id\":\"https:\/\/celtaatletismo.es\/blog\/xcix-campeonato-de-espana-absoluto\/\"},\"author\":{\"name\":\"Celta Atletismo\",\"@id\":\"https:\/\/celtaatletismo.es\/blog\/#\/schema\/person\/0cc377de6986c44118882ce271368236\"},\"headline\":\"XCIX CAMPEONATO DE ESPA\u00d1A ABSOLUTO\",\"datePublished\":\"2019-08-28T14:52:09+00:00\",\"dateModified\":\"2019-08-28T14:53:01+00:00\",\"mainEntityOfPage\":{\"@id\":\"https:\/\/celtaatletismo.es\/blog\/xcix-campeonato-de-espana-absoluto\/\"},\"wordCount\":184,\"commentCount\":0,\"publisher\":{\"@id\":\"https:\/\/celtaatletismo.es\/blog\/#organization\"},\"articleSection\":[\"Actualidade\"],\"inLanguage\":\"es\",\"potentialAction\":[{\"@type\":\"CommentAction\",\"name\":\"Comment\",\"target\":[\"https:\/\/celtaatletismo.es\/blog\/xcix-campeonato-de-espana-absoluto\/#respond\"]}]},{\"@type\":\"WebPage\",\"@id\":\"https:\/\/celtaatletismo.es\/blog\/xcix-campeonato-de-espana-absoluto\/\",\"url\":\"https:\/\/celtaatletismo.es\/blog\/xcix-campeonato-de-espana-absoluto\/\",\"name\":\"XCIX CAMPEONATO DE ESPA\u00d1A ABSOLUTO - Celta Atletismo\",\"isPartOf\":{\"@id\":\"https:\/\/celtaatletismo.es\/blog\/#website\"},\"datePublished\":\"2019-08-28T14:52:09+00:00\",\"dateModified\":\"2019-08-28T14:53:01+00:00\",\"breadcrumb\":{\"@id\":\"https:\/\/celtaatletismo.es\/blog\/xcix-campeonato-de-espana-absoluto\/#breadcrumb\"},\"inLanguage\":\"es\",\"potentialAction\":[{\"@type\":\"ReadAction\",\"target\":[\"https:\/\/celtaatletismo.es\/blog\/xcix-campeonato-de-espana-absoluto\/\"]}]},{\"@type\":\"BreadcrumbList\",\"@id\":\"https:\/\/celtaatletismo.es\/blog\/xcix-campeonato-de-espana-absoluto\/#breadcrumb\",\"itemListElement\":[{\"@type\":\"ListItem\",\"position\":1,\"name\":\"Portada\",\"item\":\"https:\/\/celtaatletismo.es\/blog\/\"},{\"@type\":\"ListItem\",\"position\":2,\"name\":\"XCIX CAMPEONATO DE ESPA\u00d1A ABSOLUTO\"}]},{\"@type\":\"WebSite\",\"@id\":\"https:\/\/celtaatletismo.es\/blog\/#website\",\"url\":\"https:\/\/celtaatletismo.es\/blog\/\",\"name\":\"Celta Atletismo\",\"description\":\"Web oficial del Real Club Celta Atletismo y del Club Atletismo Femenino Celta\",\"publisher\":{\"@id\":\"https:\/\/celtaatletismo.es\/blog\/#organization\"},\"potentialAction\":[{\"@type\":\"SearchAction\",\"target\":{\"@type\":\"EntryPoint\",\"urlTemplate\":\"https:\/\/celtaatletismo.es\/blog\/?s={search_term_string}\"},\"query-input\":\"required name=search_term_string\"}],\"inLanguage\":\"es\"},{\"@type\":\"Organization\",\"@id\":\"https:\/\/celtaatletismo.es\/blog\/#organization\",\"name\":\"Celta Atletismo\",\"url\":\"https:\/\/celtaatletismo.es\/blog\/\",\"logo\":{\"@type\":\"ImageObject\",\"inLanguage\":\"es\",\"@id\":\"https:\/\/celtaatletismo.es\/blog\/#\/schema\/logo\/image\/\",\"url\":\"https:\/\/celtaatletismo.es\/blog\/wp-content\/uploads\/2018\/12\/logo-web-celta-atletismo-solo.png\",\"contentUrl\":\"https:\/\/celtaatletismo.es\/blog\/wp-content\/uploads\/2018\/12\/logo-web-celta-atletismo-solo.png\",\"width\":555,\"height\":171,\"caption\":\"Celta Atletismo\"},\"image\":{\"@id\":\"https:\/\/celtaatletismo.es\/blog\/#\/schema\/logo\/image\/\"},\"sameAs\":[\"https:\/\/www.facebook.com\/Real-Club-Celta-de-Atletismo-Atletismo-Femenino-Celta-177005092323603\/\",\"https:\/\/twitter.com\/CeltaAtletismo\"]},{\"@type\":\"Person\",\"@id\":\"https:\/\/celtaatletismo.es\/blog\/#\/schema\/person\/0cc377de6986c44118882ce271368236\",\"name\":\"Celta Atletismo\",\"image\":{\"@type\":\"ImageObject\",\"inLanguage\":\"es\",\"@id\":\"https:\/\/celtaatletismo.es\/blog\/#\/schema\/person\/image\/\",\"url\":\"https:\/\/secure.gravatar.com\/avatar\/eb683c7f17cacdb2eb6a21ccb376e679?s=96&d=mm&r=g\",\"contentUrl\":\"https:\/\/secure.gravatar.com\/avatar\/eb683c7f17cacdb2eb6a21ccb376e679?s=96&d=mm&r=g\",\"caption\":\"Celta Atletismo\"},\"url\":\"https:\/\/celtaatletismo.es\/blog\/author\/celta-atletismo\/\"}]}<\/script>\n<!-- \/ Yoast SEO plugin. -->","yoast_head_json":{"title":"XCIX CAMPEONATO DE ESPA\u00d1A ABSOLUTO - Celta Atletismo","robots":{"index":"index","follow":"follow","max-snippet":"max-snippet:-1","max-image-preview":"max-image-preview:large","max-video-preview":"max-video-preview:-1"},"canonical":"https:\/\/celtaatletismo.es\/blog\/xcix-campeonato-de-espana-absoluto\/","og_locale":"es_ES","og_type":"article","og_title":"XCIX CAMPEONATO DE ESPA\u00d1A ABSOLUTO - Celta Atletismo","og_description":"Esta ma\u00f1ana se ha publicado la lista de inscritos en el XCIX CAMPEONATO DE ESPA\u00d1A ABSOLUTO a celebrar en La Nuc\u00eda (Alicante). Siete ser\u00e1n l@s representantes c\u00e9lticos en dicho Campeonato. Nuestra martillista Irene G\u00f3mez es la mejor situada. Sus 57.41m la colocan en 5\u00aa posici\u00f3n de la lista de salida. En el 7\u00ba puesto del [&hellip;]","og_url":"https:\/\/celtaatletismo.es\/blog\/xcix-campeonato-de-espana-absoluto\/","og_site_name":"Celta Atletismo","article_publisher":"https:\/\/www.facebook.com\/Real-Club-Celta-de-Atletismo-Atletismo-Femenino-Celta-177005092323603\/","article_published_time":"2019-08-28T14:52:09+00:00","article_modified_time":"2019-08-28T14:53:01+00:00","og_image":[{"width":2048,"height":1365,"url":"https:\/\/celtaatletismo.es\/blog\/wp-content\/uploads\/2019\/08\/18422366_10203003685890226_3908325081850852489_o.jpg","type":"image\/jpeg"}],"author":"Celta Atletismo","twitter_card":"summary_large_image","twitter_creator":"@CeltaAtletismo","twitter_site":"@CeltaAtletismo","twitter_misc":{"Escrito por":"Celta Atletismo","Tiempo de lectura":"1 minuto"},"schema":{"@context":"https:\/\/schema.org","@graph":[{"@type":"Article","@id":"https:\/\/celtaatletismo.es\/blog\/xcix-campeonato-de-espana-absoluto\/#article","isPartOf":{"@id":"https:\/\/celtaatletismo.es\/blog\/xcix-campeonato-de-espana-absoluto\/"},"author":{"name":"Celta Atletismo","@id":"https:\/\/celtaatletismo.es\/blog\/#\/schema\/person\/0cc377de6986c44118882ce271368236"},"headline":"XCIX CAMPEONATO DE ESPA\u00d1A ABSOLUTO","datePublished":"2019-08-28T14:52:09+00:00","dateModified":"2019-08-28T14:53:01+00:00","mainEntityOfPage":{"@id":"https:\/\/celtaatletismo.es\/blog\/xcix-campeonato-de-espana-absoluto\/"},"wordCount":184,"commentCount":0,"publisher":{"@id":"https:\/\/celtaatletismo.es\/blog\/#organization"},"articleSection":["Actualidade"],"inLanguage":"es","potentialAction":[{"@type":"CommentAction","name":"Comment","target":["https:\/\/celtaatletismo.es\/blog\/xcix-campeonato-de-espana-absoluto\/#respond"]}]},{"@type":"WebPage","@id":"https:\/\/celtaatletismo.es\/blog\/xcix-campeonato-de-espana-absoluto\/","url":"https:\/\/celtaatletismo.es\/blog\/xcix-campeonato-de-espana-absoluto\/","name":"XCIX CAMPEONATO DE ESPA\u00d1A ABSOLUTO - Celta Atletismo","isPartOf":{"@id":"https:\/\/celtaatletismo.es\/blog\/#website"},"datePublished":"2019-08-28T14:52:09+00:00","dateModified":"2019-08-28T14:53:01+00:00","breadcrumb":{"@id":"https:\/\/celtaatletismo.es\/blog\/xcix-campeonato-de-espana-absoluto\/#breadcrumb"},"inLanguage":"es","potentialAction":[{"@type":"ReadAction","target":["https:\/\/celtaatletismo.es\/blog\/xcix-campeonato-de-espana-absoluto\/"]}]},{"@type":"BreadcrumbList","@id":"https:\/\/celtaatletismo.es\/blog\/xcix-campeonato-de-espana-absoluto\/#breadcrumb","itemListElement":[{"@type":"ListItem","position":1,"name":"Portada","item":"https:\/\/celtaatletismo.es\/blog\/"},{"@type":"ListItem","position":2,"name":"XCIX CAMPEONATO DE ESPA\u00d1A ABSOLUTO"}]},{"@type":"WebSite","@id":"https:\/\/celtaatletismo.es\/blog\/#website","url":"https:\/\/celtaatletismo.es\/blog\/","name":"Celta Atletismo","description":"Web oficial del Real Club Celta Atletismo y del Club Atletismo Femenino Celta","publisher":{"@id":"https:\/\/celtaatletismo.es\/blog\/#organization"},"potentialAction":[{"@type":"SearchAction","target":{"@type":"EntryPoint","urlTemplate":"https:\/\/celtaatletismo.es\/blog\/?s={search_term_string}"},"query-input":"required name=search_term_string"}],"inLanguage":"es"},{"@type":"Organization","@id":"https:\/\/celtaatletismo.es\/blog\/#organization","name":"Celta Atletismo","url":"https:\/\/celtaatletismo.es\/blog\/","logo":{"@type":"ImageObject","inLanguage":"es","@id":"https:\/\/celtaatletismo.es\/blog\/#\/schema\/logo\/image\/","url":"https:\/\/celtaatletismo.es\/blog\/wp-content\/uploads\/2018\/12\/logo-web-celta-atletismo-solo.png","contentUrl":"https:\/\/celtaatletismo.es\/blog\/wp-content\/uploads\/2018\/12\/logo-web-celta-atletismo-solo.png","width":555,"height":171,"caption":"Celta Atletismo"},"image":{"@id":"https:\/\/celtaatletismo.es\/blog\/#\/schema\/logo\/image\/"},"sameAs":["https:\/\/www.facebook.com\/Real-Club-Celta-de-Atletismo-Atletismo-Femenino-Celta-177005092323603\/","https:\/\/twitter.com\/CeltaAtletismo"]},{"@type":"Person","@id":"https:\/\/celtaatletismo.es\/blog\/#\/schema\/person\/0cc377de6986c44118882ce271368236","name":"Celta Atletismo","image":{"@type":"ImageObject","inLanguage":"es","@id":"https:\/\/celtaatletismo.es\/blog\/#\/schema\/person\/image\/","url":"https:\/\/secure.gravatar.com\/avatar\/eb683c7f17cacdb2eb6a21ccb376e679?s=96&d=mm&r=g","contentUrl":"https:\/\/secure.gravatar.com\/avatar\/eb683c7f17cacdb2eb6a21ccb376e679?s=96&d=mm&r=g","caption":"Celta Atletismo"},"url":"https:\/\/celtaatletismo.es\/blog\/author\/celta-atletismo\/"}]}},"_links":{"self":[{"href":"https:\/\/celtaatletismo.es\/blog\/wp-json\/wp\/v2\/posts\/9633"}],"collection":[{"href":"https:\/\/celtaatletismo.es\/blog\/wp-json\/wp\/v2\/posts"}],"about":[{"href":"https:\/\/celtaatletismo.es\/blog\/wp-json\/wp\/v2\/types\/post"}],"author":[{"embeddable":true,"href":"https:\/\/celtaatletismo.es\/blog\/wp-json\/wp\/v2\/users\/10"}],"replies":[{"embeddable":true,"href":"https:\/\/celtaatletismo.es\/blog\/wp-json\/wp\/v2\/comments?post=9633"}],"version-history":[{"count":2,"href":"https:\/\/celtaatletismo.es\/blog\/wp-json\/wp\/v2\/posts\/9633\/revisions"}],"predecessor-version":[{"id":9635,"href":"https:\/\/celtaatletismo.es\/blog\/wp-json\/wp\/v2\/posts\/9633\/revisions\/9635"}],"wp:featuredmedia":[{"embeddable":true,"href":"https:\/\/celtaatletismo.es\/blog\/wp-json\/wp\/v2\/media\/9622"}],"wp:attachment":[{"href":"https:\/\/celtaatletismo.es\/blog\/wp-json\/wp\/v2\/media?parent=9633"}],"wp:term":[{"taxonomy":"category","embeddable":true,"href":"https:\/\/celtaatletismo.es\/blog\/wp-json\/wp\/v2\/categories?post=9633"},{"taxonomy":"post_tag","embeddable":true,"href":"https:\/\/celtaatletismo.es\/blog\/wp-json\/wp\/v2\/tags?post=9633"}],"curies":[{"name":"wp","href":"https:\/\/api.w.org\/{rel}","templated":true}]}}