{"id":9525,"date":"2019-07-14T19:45:22","date_gmt":"2019-07-14T17:45:22","guid":{"rendered":"https:\/\/celtaatletismo.es\/blog\/?p=9525"},"modified":"2024-06-26T16:21:54","modified_gmt":"2024-06-26T14:21:54","slug":"tarde-de-atletismo-tarde-de-trofeo-alfonso-posada","status":"publish","type":"post","link":"https:\/\/celtaatletismo.es\/blog\/tarde-de-atletismo-tarde-de-trofeo-alfonso-posada\/","title":{"rendered":"Tarde de atletismo, tarde de Trofeo Alfonso Posada."},"content":{"rendered":"<p><img decoding=\"async\" loading=\"lazy\" class=\"wp-image-9531 alignright\" src=\"https:\/\/celtaatletismo.es\/blog\/blog\/wp-content\/uploads\/2019\/07\/DSC_2388.jpg\" alt=\"\" width=\"256\" height=\"384\" srcset=\"https:\/\/celtaatletismo.es\/blog\/wp-content\/uploads\/2019\/07\/DSC_2388.jpg 3072w, https:\/\/celtaatletismo.es\/blog\/wp-content\/uploads\/2019\/07\/DSC_2388-133x200.jpg 133w, https:\/\/celtaatletismo.es\/blog\/wp-content\/uploads\/2019\/07\/DSC_2388-768x1152.jpg 768w, https:\/\/celtaatletismo.es\/blog\/wp-content\/uploads\/2019\/07\/DSC_2388-683x1024.jpg 683w, https:\/\/celtaatletismo.es\/blog\/wp-content\/uploads\/2019\/07\/DSC_2388-360x540.jpg 360w, https:\/\/celtaatletismo.es\/blog\/wp-content\/uploads\/2019\/07\/DSC_2388-750x1125.jpg 750w\" sizes=\"(max-width: 256px) 100vw, 256px\" \/>Bajo un aguacero tuvo lugar ayer en la vetusta pista de atletismo de Balaidos el <strong>XIII Trofeo Alfonso Posada<\/strong>, en honor a nuestro presidente em\u00e9rito que fue todo en nuestro deporte.<br \/>\nGrandes marcas, buen ambiente y atletismo del bueno fue lo que se vio ayer en Balaidos.<br \/>\nArranc\u00f3 la competici\u00f3n con una intensa lluvia justo en ese momento. Abrieron el tel\u00f3n el Salto con p\u00e9rtiga femenino, el lanzamiento de martillo femenino y el grupo \u00abB\u00bb de longitud masculina, siendo estas las pruebas m\u00e1s perjudicadas de la tarde.<br \/>\nEl <strong>lanzamiento de martillo<\/strong> lo gan\u00f3 la ecuatoriana <strong>Valeria Chiliquinga<\/strong> con <strong>61.97m<\/strong>., nuevo r\u00e9cord del Mitin, escudada por nuestras c\u00e9lticas<strong> Irene G\u00f3mez<\/strong> con<strong> 54.54m.<\/strong> y <strong>Patricia Correa<\/strong> con <strong>47.96m.<\/strong> que adem\u00e1s supone marca personal y lo aderez\u00f3 con su mejor concurso de siempre, demostrando que a ella el agua no le afecta.<br \/>\nM\u00e1s complicados lo tuvieron las pertiguistas. El concurso fue ganado por la portuguesa <strong>Beatriz Baptista<\/strong> con <strong>3.60m<\/strong>., misma marca que nuestra <strong>Bea Viteri<\/strong>, que fue segunda por nulos y acompa\u00f1adas en el podio por la atleta del C.D.Maia <strong>Sof\u00eda Carneiro<\/strong> con <strong>3.20m<\/strong>. Lamentablemente las dos estrellas del evento, la belga<strong> Chloe Henry<\/strong> y la portuguesa <strong>Marta Onofre<\/strong> no pudieron demostrar su potencial. Henry, despu\u00e9s de un complicado calentamiento bajo la lluvia decidi\u00f3 no competir por su seguridad, mientras que Onofre intent\u00f3 sobrepasar el list\u00f3n en la altura de inicial de 4m. para poder brindar al p\u00fablico el placer de verla volar. Lamentablemente la lluvia fue un duro rival y pese a sobrepasar el list\u00f3n en su tercera tentativa, tuvo tan poca fortuna que la p\u00e9rtiga acab\u00f3 derribando las \u00abfasqu\u00eda\u00bb.<br \/>\n<img decoding=\"async\" loading=\"lazy\" class=\"aligncenter size-full wp-image-9530\" src=\"https:\/\/celtaatletismo.es\/blog\/blog\/wp-content\/uploads\/2019\/07\/DSC_2222.jpg\" alt=\"\" width=\"3072\" height=\"2211\" srcset=\"https:\/\/celtaatletismo.es\/blog\/wp-content\/uploads\/2019\/07\/DSC_2222.jpg 3072w, https:\/\/celtaatletismo.es\/blog\/wp-content\/uploads\/2019\/07\/DSC_2222-200x144.jpg 200w, https:\/\/celtaatletismo.es\/blog\/wp-content\/uploads\/2019\/07\/DSC_2222-768x553.jpg 768w, https:\/\/celtaatletismo.es\/blog\/wp-content\/uploads\/2019\/07\/DSC_2222-1024x737.jpg 1024w, https:\/\/celtaatletismo.es\/blog\/wp-content\/uploads\/2019\/07\/DSC_2222-360x259.jpg 360w, https:\/\/celtaatletismo.es\/blog\/wp-content\/uploads\/2019\/07\/DSC_2222-750x540.jpg 750w\" sizes=\"(max-width: 3072px) 100vw, 3072px\" \/><br \/>\nAl mismo tiempo, el \u00abGrupo B\u00bb de <strong>salt\u00f3 de longitud<\/strong> fue ganado por el c\u00e9ltico <strong>Alberto Elena<\/strong>, que se qued\u00f3 a 1cm. de su marca personal, llegando hasta los <strong>6.79m<\/strong>.<br \/>\nMientras se disputaban los concursos, tomaban la salida los atletas de <strong>100ml<\/strong>. para correr las semifinales. Los ocho mejores tiempos pasaban a la final y las tres semifinales fueron programas agrupando a los atletas por sus mejores marcas.<br \/>\nLa primera ser\u00eda fue ganada por <strong>Mauro Triana<\/strong> con <strong>10.58s.<\/strong> batiendo el r\u00e9cord del Mitin y batiendo al ganador del Trofeo de las cuatro \u00faltimas ediciones, <strong>Adrian P\u00e9rez<\/strong>, que entr\u00f3 segundo con <strong>10.63s<\/strong>. acompa\u00f1ados por el portugu\u00e9s <strong>Edi Sousa<\/strong> con <strong>10.71s<\/strong> y el brasile\u00f1o <strong>Eric Sigaki <\/strong>con<strong> 10.81s<\/strong>,<br \/>\nLa final fue m\u00e1s lenta, debido posiblemente a que la pista a esa hora ya estaba muy encharcada. Se repitieron los puestos, pero no las marcas. Se impuso <strong>Triana<\/strong> con <strong>10.71s.<\/strong> segundo<strong> P\u00e9rez <\/strong>con <strong>10.76s<\/strong>. tercero fue<strong> Sousa<\/strong> con <strong>10.81s<\/strong>, cuarto <strong>Sigaki <\/strong>marcando <strong>10.94s.<\/strong> mientras que el quinto lugar lo ocup\u00f3 nuestro c\u00e9ltico reciente subcampe\u00f3n de Espa\u00f1a Sub16 <strong>Erik Fern\u00e1ndez<\/strong> con un crono de <strong>11.11s<\/strong>.<br \/>\nEn la parcela femenina, una vez m\u00e1s la c\u00e9ltica <strong>Olaia Becerril<\/strong> hizo alarde su potencial. Se impuso en su semifinal con un crono de<strong> 12.23s<\/strong> y gan\u00f3 la final con marca personal de <strong>12.10s<\/strong>. siendo segunda la lusa <strong>Shaina Mags<\/strong> con <strong>12.22s<\/strong>. tambi\u00e9n marca personal. El tercer lugar del podio fue para la luguesa <strong>Adiaratou Iglesias<\/strong> con<strong> 12.47s<\/strong>.<br \/>\nEn el concurso de la jabalina, se llev\u00f3 la victoria la asturiana<strong> Carmen Sanchez<\/strong> con <strong>50.71m<\/strong>. Segunda fue <strong>Andrea Gonzalez<\/strong> de la S.G.P. con<strong> 45.32m.<\/strong> y tercera nuestra celeste<strong> Paula Pi\u00f1on<\/strong> con <strong>38.34m<\/strong>.<br \/>\nLos <strong>400ml<\/strong>. fueron dominados de principio a fin por otra asturiana, <strong>B\u00e1rbara Camblor<\/strong>. Le dio la vuelta al anillo en un tiempo de <strong>55.37s<\/strong>. nuevo r\u00e9cord de Mitin. La portuguesa <strong>Vera Lima<\/strong> fue segunda con <strong>58.52s<\/strong> y tercera fue la coru\u00f1esa <strong>Eugenia Gil<\/strong> con <strong>58.80s<\/strong>.<br \/>\nEn la parcela masculina, el espect\u00e1culo lo dio el portugu\u00e9s originario de Cuba, <strong>Raidel Acea<\/strong> que se impuso con <strong>46.70s<\/strong>. nuevo r\u00e9cord de Mitin y fue seguido por el c\u00e9ltico <strong>Pedro Juncal<\/strong> con<strong> 48.61s<\/strong>. y por el guard\u00e9s que milita en el Coru\u00f1a Comarca<strong> Sergio Rodriguez<\/strong>, con <strong>49.17s<\/strong>.<\/p>\n<p><img decoding=\"async\" loading=\"lazy\" class=\"wp-image-9527 alignright\" src=\"https:\/\/celtaatletismo.es\/blog\/blog\/wp-content\/uploads\/2019\/07\/DSC_2471.jpg\" alt=\"\" width=\"283\" height=\"424\" srcset=\"https:\/\/celtaatletismo.es\/blog\/wp-content\/uploads\/2019\/07\/DSC_2471.jpg 3072w, https:\/\/celtaatletismo.es\/blog\/wp-content\/uploads\/2019\/07\/DSC_2471-133x200.jpg 133w, https:\/\/celtaatletismo.es\/blog\/wp-content\/uploads\/2019\/07\/DSC_2471-768x1152.jpg 768w, https:\/\/celtaatletismo.es\/blog\/wp-content\/uploads\/2019\/07\/DSC_2471-683x1024.jpg 683w, https:\/\/celtaatletismo.es\/blog\/wp-content\/uploads\/2019\/07\/DSC_2471-360x540.jpg 360w, https:\/\/celtaatletismo.es\/blog\/wp-content\/uploads\/2019\/07\/DSC_2471-750x1125.jpg 750w\" sizes=\"(max-width: 283px) 100vw, 283px\" \/><br \/>\nEn los <strong>1500ml.<\/strong> masculinos, la victoria fue para el leon\u00e9s<strong>Raul Celada<\/strong> con <strong>3:47.02s<\/strong>. el segundo puesto para<strong> Daniel Serrao<\/strong> y el tercer puesto para <strong>Jo\u00e3o L\u00f3pes<\/strong> con <strong>3:49.04s<\/strong> y <strong>3:52.39s<\/strong>. Siendo 11 los atletas por debajo de los 4 minutos, algo no muy habitual en el tart\u00e1n vigu\u00e9s.<br \/>\nEn el <strong>1500ml.<\/strong> la local <strong>Ester Navarrete<\/strong>, en las filas del F.C. Barcelona, no dio tregua a sus rivales e impuso un fuerte ritmo desde el principio para marcar los <strong>4:28.13s<\/strong>. al cruzar la l\u00ednea de meta. Nada pudo hacer la francesa celeste <strong>Alice Finot<\/strong>, que cruz\u00f3 la meta cojeando en <strong>4:37.46s<\/strong> en una muestra de pundonor. Tercera fue la portuguesa\u00a0<strong>Maria Carvalho<\/strong> con\u00a0<strong>4:38.00s<\/strong>.<br \/>\nEn los <strong>100mv.<\/strong> la portuguesa <strong>Catarina Queiros<\/strong> se hizo con la victoria y con el r\u00e9cord de la prueba al marcar el video finish unos buenos<strong> 14.31s<\/strong>. Segunda fue la canguesa del Ria Ferrol,<strong> Antia Mart\u00ednez<\/strong> con <strong>14.72s<\/strong>. y tercera nuestra celeste<strong> Emma Valencia<\/strong> con<strong> 14.82s.<\/strong> que adem\u00e1s celebraba el d\u00eda de su cumplea\u00f1os.<br \/>\nEl <strong>salto de longitud<\/strong> femenino se lo llev\u00f3 la portuguesa del Sporting <strong>Lucinda G\u00f3mes<\/strong> con 6.04m. que adem\u00e1s de darle la victoria, le concedieron el r\u00e9cord del Mitin y el premio a la mejor marca femenina de la reuni\u00f3n. Segunda fue nuestra subcampeona de Espa\u00f1a Sub20 <strong>Olaia Becerril<\/strong> con <strong>5.92m<\/strong>. y tercera fue la portuguesa<strong> Susana Cruz<\/strong> con<strong> 5.68m<\/strong>.<br \/>\nLa prueba de los<strong> 5000m. Marcha<\/strong> masculinos, fueron dominados de principio a fin por el portugu\u00e9s<strong> Rui Coelho<\/strong>, haciendo marca personal y estableciendo un nuevo r\u00e9cord de Mitin con <strong>20:32.37s<\/strong>. Segundo fue el santiagu\u00e9s medallista nacional Sub20<strong> Roberto Vieiro<\/strong> con <strong>21:42.17s<\/strong> y tercero<strong> Juan Manuel Molares<\/strong> con <strong>21:52.13s<\/strong>.<br \/>\nCerraban la competici\u00f3n el salto de longitud masculina \u00abGrupo A\u00bb y el salto con p\u00e9rtiga masculina y lo hicieron dando espect\u00e1culo al p\u00fablico asistente.<br \/>\nEl marinense del F.C. Barcelona <strong>Jean Marie Okutu<\/strong> se impuso en el<strong> salto de longitud<\/strong> con un vuelo de <strong>7.63m<\/strong>, escoltado por el asturiano ganador de la pasada edici\u00f3n <strong>Javier Cobian<\/strong> con <strong>7.60m<\/strong>. y por el decathleta portugu\u00e9s de origen cubano <strong>Abdel Larrinaga<\/strong> con marca personal de <strong>7.50m<\/strong>.<br \/>\nEl <strong>salto con p\u00e9rtiga<\/strong> fue la prueba que se llev\u00f3 el premio a la mejor marca masculina. Despu\u00e9s de haber finalizado la lluvia que tanto incomod\u00f3 en el concurso femenino, los hombres pudieron disfrutar de una temperatura y un viento a favor que ayuda mucho en esta prueba. El vencedor de todo fue el recordm\u00e1n portugu\u00e9s<strong> Diogo Ferreira<\/strong> con un nuevo r\u00e9cord del mitin de <strong>5.40m<\/strong>. Segundo fue el brasile\u00f1o<strong> Bruno Spinelli<\/strong> con <strong>5.20m.<\/strong> y tercero el portugu\u00e9s<strong> Carlos Pitra<\/strong> con <strong>4.90m<\/strong>., que adem\u00e1s suponen marca personal.<\/p>\n<p>\u00bfQue dec\u00eds?. \u00bfRepetimos el a\u00f1o que viene?.<br \/>\n<img decoding=\"async\" loading=\"lazy\" class=\"aligncenter size-full wp-image-9528\" src=\"https:\/\/celtaatletismo.es\/blog\/blog\/wp-content\/uploads\/2019\/07\/DSC_2714.jpg\" alt=\"\" width=\"3072\" height=\"1828\" srcset=\"https:\/\/celtaatletismo.es\/blog\/wp-content\/uploads\/2019\/07\/DSC_2714.jpg 3072w, https:\/\/celtaatletismo.es\/blog\/wp-content\/uploads\/2019\/07\/DSC_2714-200x119.jpg 200w, https:\/\/celtaatletismo.es\/blog\/wp-content\/uploads\/2019\/07\/DSC_2714-768x457.jpg 768w, https:\/\/celtaatletismo.es\/blog\/wp-content\/uploads\/2019\/07\/DSC_2714-1024x609.jpg 1024w, https:\/\/celtaatletismo.es\/blog\/wp-content\/uploads\/2019\/07\/DSC_2714-360x214.jpg 360w, https:\/\/celtaatletismo.es\/blog\/wp-content\/uploads\/2019\/07\/DSC_2714-750x446.jpg 750w\" sizes=\"(max-width: 3072px) 100vw, 3072px\" \/><\/p>\n","protected":false},"excerpt":{"rendered":"<p>Bajo un aguacero tuvo lugar ayer en la vetusta pista de atletismo de Balaidos el XIII Trofeo Alfonso Posada, en honor a nuestro presidente em\u00e9rito que fue todo en nuestro deporte. Grandes marcas, buen ambiente y atletismo del bueno fue lo que se vio ayer en Balaidos. Arranc\u00f3 la competici\u00f3n con una intensa lluvia justo [&hellip;]<\/p>\n","protected":false},"author":10,"featured_media":9529,"comment_status":"open","ping_status":"closed","sticky":false,"template":"","format":"standard","meta":{"_monsterinsights_skip_tracking":false,"_monsterinsights_sitenote_active":false,"_monsterinsights_sitenote_note":"","_monsterinsights_sitenote_category":0},"categories":[1,589],"tags":[],"yoast_head":"<!-- This site is optimized with the Yoast SEO plugin v20.9 - https:\/\/yoast.com\/wordpress\/plugins\/seo\/ -->\n<title>Tarde de atletismo, tarde de Trofeo Alfonso Posada. - Celta Atletismo<\/title>\n<meta name=\"robots\" content=\"index, follow, max-snippet:-1, max-image-preview:large, max-video-preview:-1\" \/>\n<link rel=\"canonical\" href=\"https:\/\/celtaatletismo.es\/blog\/tarde-de-atletismo-tarde-de-trofeo-alfonso-posada\/\" \/>\n<meta property=\"og:locale\" content=\"es_ES\" \/>\n<meta property=\"og:type\" content=\"article\" \/>\n<meta property=\"og:title\" content=\"Tarde de atletismo, tarde de Trofeo Alfonso Posada. - Celta Atletismo\" \/>\n<meta property=\"og:description\" content=\"Bajo un aguacero tuvo lugar ayer en la vetusta pista de atletismo de Balaidos el XIII Trofeo Alfonso Posada, en honor a nuestro presidente em\u00e9rito que fue todo en nuestro deporte. Grandes marcas, buen ambiente y atletismo del bueno fue lo que se vio ayer en Balaidos. Arranc\u00f3 la competici\u00f3n con una intensa lluvia justo [&hellip;]\" \/>\n<meta property=\"og:url\" content=\"https:\/\/celtaatletismo.es\/blog\/tarde-de-atletismo-tarde-de-trofeo-alfonso-posada\/\" \/>\n<meta property=\"og:site_name\" content=\"Celta Atletismo\" \/>\n<meta property=\"article:publisher\" content=\"https:\/\/www.facebook.com\/Real-Club-Celta-de-Atletismo-Atletismo-Femenino-Celta-177005092323603\/\" \/>\n<meta property=\"article:published_time\" content=\"2019-07-14T17:45:22+00:00\" \/>\n<meta property=\"article:modified_time\" content=\"2024-06-26T14:21:54+00:00\" \/>\n<meta property=\"og:image\" content=\"https:\/\/celtaatletismo.es\/blog\/wp-content\/uploads\/2019\/07\/DSC_2120.jpg\" \/>\n\t<meta property=\"og:image:width\" content=\"3494\" \/>\n\t<meta property=\"og:image:height\" content=\"2329\" \/>\n\t<meta property=\"og:image:type\" content=\"image\/jpeg\" \/>\n<meta name=\"author\" content=\"Celta Atletismo\" \/>\n<meta name=\"twitter:card\" content=\"summary_large_image\" \/>\n<meta name=\"twitter:creator\" content=\"@CeltaAtletismo\" \/>\n<meta name=\"twitter:site\" content=\"@CeltaAtletismo\" \/>\n<meta name=\"twitter:label1\" content=\"Escrito por\" \/>\n\t<meta name=\"twitter:data1\" content=\"Celta Atletismo\" \/>\n\t<meta name=\"twitter:label2\" content=\"Tiempo de lectura\" \/>\n\t<meta name=\"twitter:data2\" content=\"6 minutos\" \/>\n<script type=\"application\/ld+json\" class=\"yoast-schema-graph\">{\"@context\":\"https:\/\/schema.org\",\"@graph\":[{\"@type\":\"Article\",\"@id\":\"https:\/\/celtaatletismo.es\/blog\/tarde-de-atletismo-tarde-de-trofeo-alfonso-posada\/#article\",\"isPartOf\":{\"@id\":\"https:\/\/celtaatletismo.es\/blog\/tarde-de-atletismo-tarde-de-trofeo-alfonso-posada\/\"},\"author\":{\"name\":\"Celta Atletismo\",\"@id\":\"https:\/\/celtaatletismo.es\/blog\/#\/schema\/person\/0cc377de6986c44118882ce271368236\"},\"headline\":\"Tarde de atletismo, tarde de Trofeo Alfonso Posada.\",\"datePublished\":\"2019-07-14T17:45:22+00:00\",\"dateModified\":\"2024-06-26T14:21:54+00:00\",\"mainEntityOfPage\":{\"@id\":\"https:\/\/celtaatletismo.es\/blog\/tarde-de-atletismo-tarde-de-trofeo-alfonso-posada\/\"},\"wordCount\":1164,\"commentCount\":0,\"publisher\":{\"@id\":\"https:\/\/celtaatletismo.es\/blog\/#organization\"},\"articleSection\":[\"Actualidade\",\"Alfonso Posada\"],\"inLanguage\":\"es\",\"potentialAction\":[{\"@type\":\"CommentAction\",\"name\":\"Comment\",\"target\":[\"https:\/\/celtaatletismo.es\/blog\/tarde-de-atletismo-tarde-de-trofeo-alfonso-posada\/#respond\"]}]},{\"@type\":\"WebPage\",\"@id\":\"https:\/\/celtaatletismo.es\/blog\/tarde-de-atletismo-tarde-de-trofeo-alfonso-posada\/\",\"url\":\"https:\/\/celtaatletismo.es\/blog\/tarde-de-atletismo-tarde-de-trofeo-alfonso-posada\/\",\"name\":\"Tarde de atletismo, tarde de Trofeo Alfonso Posada. - Celta Atletismo\",\"isPartOf\":{\"@id\":\"https:\/\/celtaatletismo.es\/blog\/#website\"},\"datePublished\":\"2019-07-14T17:45:22+00:00\",\"dateModified\":\"2024-06-26T14:21:54+00:00\",\"breadcrumb\":{\"@id\":\"https:\/\/celtaatletismo.es\/blog\/tarde-de-atletismo-tarde-de-trofeo-alfonso-posada\/#breadcrumb\"},\"inLanguage\":\"es\",\"potentialAction\":[{\"@type\":\"ReadAction\",\"target\":[\"https:\/\/celtaatletismo.es\/blog\/tarde-de-atletismo-tarde-de-trofeo-alfonso-posada\/\"]}]},{\"@type\":\"BreadcrumbList\",\"@id\":\"https:\/\/celtaatletismo.es\/blog\/tarde-de-atletismo-tarde-de-trofeo-alfonso-posada\/#breadcrumb\",\"itemListElement\":[{\"@type\":\"ListItem\",\"position\":1,\"name\":\"Portada\",\"item\":\"https:\/\/celtaatletismo.es\/blog\/\"},{\"@type\":\"ListItem\",\"position\":2,\"name\":\"Tarde de atletismo, tarde de Trofeo Alfonso Posada.\"}]},{\"@type\":\"WebSite\",\"@id\":\"https:\/\/celtaatletismo.es\/blog\/#website\",\"url\":\"https:\/\/celtaatletismo.es\/blog\/\",\"name\":\"Celta Atletismo\",\"description\":\"Web oficial del Real Club Celta Atletismo y del Club Atletismo Femenino Celta\",\"publisher\":{\"@id\":\"https:\/\/celtaatletismo.es\/blog\/#organization\"},\"potentialAction\":[{\"@type\":\"SearchAction\",\"target\":{\"@type\":\"EntryPoint\",\"urlTemplate\":\"https:\/\/celtaatletismo.es\/blog\/?s={search_term_string}\"},\"query-input\":\"required name=search_term_string\"}],\"inLanguage\":\"es\"},{\"@type\":\"Organization\",\"@id\":\"https:\/\/celtaatletismo.es\/blog\/#organization\",\"name\":\"Celta Atletismo\",\"url\":\"https:\/\/celtaatletismo.es\/blog\/\",\"logo\":{\"@type\":\"ImageObject\",\"inLanguage\":\"es\",\"@id\":\"https:\/\/celtaatletismo.es\/blog\/#\/schema\/logo\/image\/\",\"url\":\"https:\/\/celtaatletismo.es\/blog\/wp-content\/uploads\/2018\/12\/logo-web-celta-atletismo-solo.png\",\"contentUrl\":\"https:\/\/celtaatletismo.es\/blog\/wp-content\/uploads\/2018\/12\/logo-web-celta-atletismo-solo.png\",\"width\":555,\"height\":171,\"caption\":\"Celta Atletismo\"},\"image\":{\"@id\":\"https:\/\/celtaatletismo.es\/blog\/#\/schema\/logo\/image\/\"},\"sameAs\":[\"https:\/\/www.facebook.com\/Real-Club-Celta-de-Atletismo-Atletismo-Femenino-Celta-177005092323603\/\",\"https:\/\/twitter.com\/CeltaAtletismo\"]},{\"@type\":\"Person\",\"@id\":\"https:\/\/celtaatletismo.es\/blog\/#\/schema\/person\/0cc377de6986c44118882ce271368236\",\"name\":\"Celta Atletismo\",\"image\":{\"@type\":\"ImageObject\",\"inLanguage\":\"es\",\"@id\":\"https:\/\/celtaatletismo.es\/blog\/#\/schema\/person\/image\/\",\"url\":\"https:\/\/secure.gravatar.com\/avatar\/eb683c7f17cacdb2eb6a21ccb376e679?s=96&d=mm&r=g\",\"contentUrl\":\"https:\/\/secure.gravatar.com\/avatar\/eb683c7f17cacdb2eb6a21ccb376e679?s=96&d=mm&r=g\",\"caption\":\"Celta Atletismo\"},\"url\":\"https:\/\/celtaatletismo.es\/blog\/author\/celta-atletismo\/\"}]}<\/script>\n<!-- \/ Yoast SEO plugin. -->","yoast_head_json":{"title":"Tarde de atletismo, tarde de Trofeo Alfonso Posada. - Celta Atletismo","robots":{"index":"index","follow":"follow","max-snippet":"max-snippet:-1","max-image-preview":"max-image-preview:large","max-video-preview":"max-video-preview:-1"},"canonical":"https:\/\/celtaatletismo.es\/blog\/tarde-de-atletismo-tarde-de-trofeo-alfonso-posada\/","og_locale":"es_ES","og_type":"article","og_title":"Tarde de atletismo, tarde de Trofeo Alfonso Posada. - Celta Atletismo","og_description":"Bajo un aguacero tuvo lugar ayer en la vetusta pista de atletismo de Balaidos el XIII Trofeo Alfonso Posada, en honor a nuestro presidente em\u00e9rito que fue todo en nuestro deporte. Grandes marcas, buen ambiente y atletismo del bueno fue lo que se vio ayer en Balaidos. Arranc\u00f3 la competici\u00f3n con una intensa lluvia justo [&hellip;]","og_url":"https:\/\/celtaatletismo.es\/blog\/tarde-de-atletismo-tarde-de-trofeo-alfonso-posada\/","og_site_name":"Celta Atletismo","article_publisher":"https:\/\/www.facebook.com\/Real-Club-Celta-de-Atletismo-Atletismo-Femenino-Celta-177005092323603\/","article_published_time":"2019-07-14T17:45:22+00:00","article_modified_time":"2024-06-26T14:21:54+00:00","og_image":[{"width":3494,"height":2329,"url":"https:\/\/celtaatletismo.es\/blog\/wp-content\/uploads\/2019\/07\/DSC_2120.jpg","type":"image\/jpeg"}],"author":"Celta Atletismo","twitter_card":"summary_large_image","twitter_creator":"@CeltaAtletismo","twitter_site":"@CeltaAtletismo","twitter_misc":{"Escrito por":"Celta Atletismo","Tiempo de lectura":"6 minutos"},"schema":{"@context":"https:\/\/schema.org","@graph":[{"@type":"Article","@id":"https:\/\/celtaatletismo.es\/blog\/tarde-de-atletismo-tarde-de-trofeo-alfonso-posada\/#article","isPartOf":{"@id":"https:\/\/celtaatletismo.es\/blog\/tarde-de-atletismo-tarde-de-trofeo-alfonso-posada\/"},"author":{"name":"Celta Atletismo","@id":"https:\/\/celtaatletismo.es\/blog\/#\/schema\/person\/0cc377de6986c44118882ce271368236"},"headline":"Tarde de atletismo, tarde de Trofeo Alfonso Posada.","datePublished":"2019-07-14T17:45:22+00:00","dateModified":"2024-06-26T14:21:54+00:00","mainEntityOfPage":{"@id":"https:\/\/celtaatletismo.es\/blog\/tarde-de-atletismo-tarde-de-trofeo-alfonso-posada\/"},"wordCount":1164,"commentCount":0,"publisher":{"@id":"https:\/\/celtaatletismo.es\/blog\/#organization"},"articleSection":["Actualidade","Alfonso Posada"],"inLanguage":"es","potentialAction":[{"@type":"CommentAction","name":"Comment","target":["https:\/\/celtaatletismo.es\/blog\/tarde-de-atletismo-tarde-de-trofeo-alfonso-posada\/#respond"]}]},{"@type":"WebPage","@id":"https:\/\/celtaatletismo.es\/blog\/tarde-de-atletismo-tarde-de-trofeo-alfonso-posada\/","url":"https:\/\/celtaatletismo.es\/blog\/tarde-de-atletismo-tarde-de-trofeo-alfonso-posada\/","name":"Tarde de atletismo, tarde de Trofeo Alfonso Posada. - Celta Atletismo","isPartOf":{"@id":"https:\/\/celtaatletismo.es\/blog\/#website"},"datePublished":"2019-07-14T17:45:22+00:00","dateModified":"2024-06-26T14:21:54+00:00","breadcrumb":{"@id":"https:\/\/celtaatletismo.es\/blog\/tarde-de-atletismo-tarde-de-trofeo-alfonso-posada\/#breadcrumb"},"inLanguage":"es","potentialAction":[{"@type":"ReadAction","target":["https:\/\/celtaatletismo.es\/blog\/tarde-de-atletismo-tarde-de-trofeo-alfonso-posada\/"]}]},{"@type":"BreadcrumbList","@id":"https:\/\/celtaatletismo.es\/blog\/tarde-de-atletismo-tarde-de-trofeo-alfonso-posada\/#breadcrumb","itemListElement":[{"@type":"ListItem","position":1,"name":"Portada","item":"https:\/\/celtaatletismo.es\/blog\/"},{"@type":"ListItem","position":2,"name":"Tarde de atletismo, tarde de Trofeo Alfonso Posada."}]},{"@type":"WebSite","@id":"https:\/\/celtaatletismo.es\/blog\/#website","url":"https:\/\/celtaatletismo.es\/blog\/","name":"Celta Atletismo","description":"Web oficial del Real Club Celta Atletismo y del Club Atletismo Femenino Celta","publisher":{"@id":"https:\/\/celtaatletismo.es\/blog\/#organization"},"potentialAction":[{"@type":"SearchAction","target":{"@type":"EntryPoint","urlTemplate":"https:\/\/celtaatletismo.es\/blog\/?s={search_term_string}"},"query-input":"required name=search_term_string"}],"inLanguage":"es"},{"@type":"Organization","@id":"https:\/\/celtaatletismo.es\/blog\/#organization","name":"Celta Atletismo","url":"https:\/\/celtaatletismo.es\/blog\/","logo":{"@type":"ImageObject","inLanguage":"es","@id":"https:\/\/celtaatletismo.es\/blog\/#\/schema\/logo\/image\/","url":"https:\/\/celtaatletismo.es\/blog\/wp-content\/uploads\/2018\/12\/logo-web-celta-atletismo-solo.png","contentUrl":"https:\/\/celtaatletismo.es\/blog\/wp-content\/uploads\/2018\/12\/logo-web-celta-atletismo-solo.png","width":555,"height":171,"caption":"Celta Atletismo"},"image":{"@id":"https:\/\/celtaatletismo.es\/blog\/#\/schema\/logo\/image\/"},"sameAs":["https:\/\/www.facebook.com\/Real-Club-Celta-de-Atletismo-Atletismo-Femenino-Celta-177005092323603\/","https:\/\/twitter.com\/CeltaAtletismo"]},{"@type":"Person","@id":"https:\/\/celtaatletismo.es\/blog\/#\/schema\/person\/0cc377de6986c44118882ce271368236","name":"Celta Atletismo","image":{"@type":"ImageObject","inLanguage":"es","@id":"https:\/\/celtaatletismo.es\/blog\/#\/schema\/person\/image\/","url":"https:\/\/secure.gravatar.com\/avatar\/eb683c7f17cacdb2eb6a21ccb376e679?s=96&d=mm&r=g","contentUrl":"https:\/\/secure.gravatar.com\/avatar\/eb683c7f17cacdb2eb6a21ccb376e679?s=96&d=mm&r=g","caption":"Celta Atletismo"},"url":"https:\/\/celtaatletismo.es\/blog\/author\/celta-atletismo\/"}]}},"_links":{"self":[{"href":"https:\/\/celtaatletismo.es\/blog\/wp-json\/wp\/v2\/posts\/9525"}],"collection":[{"href":"https:\/\/celtaatletismo.es\/blog\/wp-json\/wp\/v2\/posts"}],"about":[{"href":"https:\/\/celtaatletismo.es\/blog\/wp-json\/wp\/v2\/types\/post"}],"author":[{"embeddable":true,"href":"https:\/\/celtaatletismo.es\/blog\/wp-json\/wp\/v2\/users\/10"}],"replies":[{"embeddable":true,"href":"https:\/\/celtaatletismo.es\/blog\/wp-json\/wp\/v2\/comments?post=9525"}],"version-history":[{"count":2,"href":"https:\/\/celtaatletismo.es\/blog\/wp-json\/wp\/v2\/posts\/9525\/revisions"}],"predecessor-version":[{"id":9532,"href":"https:\/\/celtaatletismo.es\/blog\/wp-json\/wp\/v2\/posts\/9525\/revisions\/9532"}],"wp:featuredmedia":[{"embeddable":true,"href":"https:\/\/celtaatletismo.es\/blog\/wp-json\/wp\/v2\/media\/9529"}],"wp:attachment":[{"href":"https:\/\/celtaatletismo.es\/blog\/wp-json\/wp\/v2\/media?parent=9525"}],"wp:term":[{"taxonomy":"category","embeddable":true,"href":"https:\/\/celtaatletismo.es\/blog\/wp-json\/wp\/v2\/categories?post=9525"},{"taxonomy":"post_tag","embeddable":true,"href":"https:\/\/celtaatletismo.es\/blog\/wp-json\/wp\/v2\/tags?post=9525"}],"curies":[{"name":"wp","href":"https:\/\/api.w.org\/{rel}","templated":true}]}}