{"id":8958,"date":"2019-01-05T17:22:46","date_gmt":"2019-01-05T15:22:46","guid":{"rendered":"https:\/\/celtaatletismo.es\/blog\/?p=8958"},"modified":"2019-01-09T09:27:51","modified_gmt":"2019-01-09T07:27:51","slug":"representacion-na-fga","status":"publish","type":"post","link":"https:\/\/celtaatletismo.es\/blog\/representacion-na-fga\/","title":{"rendered":"O Celta Atletismo aumenta a s\u00faa representaci\u00f3n na FGA"},"content":{"rendered":"<p style=\"text-align: justify;\">O comezo da nova lexislatura 2018-2022 na\u00a0<strong>Federaci\u00f3n Galega de Atletismo<\/strong> deixa un marcado car\u00e1cter c\u00e9ltico dentro do ente. Despois do proceso electoral rematado o mes de novembro e a\u00a0<strong>Asamblea Xeral<\/strong> celebrada o s\u00e1bado 29 de decembro en\u00a0<em>Santiago de Compostela<\/em>, o noso clube est\u00e1 presente nos seguintes \u00f3rganos federativos:<\/p>\n<p><!--more--><\/p>\n<ul>\n<li style=\"text-align: justify;\"><strong>Xunta Directiva:\u00a0<\/strong>O noso presidente\u00a0<strong>Jose \u00c1ngel Serantes<\/strong> incorp\u00f3rase ao \u00f3rgano de goberno m\u00e1is importante da Federaci\u00f3n Galega en calidade de vogal, a proposta do presidente <strong>Isidoro\u00a0<\/strong><strong><strong>Hornillos.<\/strong><\/strong>\n<p><figure id=\"attachment_9016\" aria-describedby=\"caption-attachment-9016\" style=\"width: 422px\" class=\"wp-caption aligncenter\"><img decoding=\"async\" loading=\"lazy\" class=\"wp-image-9016 \" src=\"https:\/\/celtaatletismo.es\/blog\/blog\/wp-content\/uploads\/2019\/01\/DwKcNkdXgAA5fWs-1.jpeg\" alt=\"\" width=\"422\" height=\"598\" srcset=\"https:\/\/celtaatletismo.es\/blog\/wp-content\/uploads\/2019\/01\/DwKcNkdXgAA5fWs-1.jpeg 678w, https:\/\/celtaatletismo.es\/blog\/wp-content\/uploads\/2019\/01\/DwKcNkdXgAA5fWs-1-141x200.jpeg 141w, https:\/\/celtaatletismo.es\/blog\/wp-content\/uploads\/2019\/01\/DwKcNkdXgAA5fWs-1-360x510.jpeg 360w\" sizes=\"(max-width: 422px) 100vw, 422px\" \/><figcaption id=\"caption-attachment-9016\" class=\"wp-caption-text\">O noso presidente Serantes foi nomeado polo presidente da Federaci\u00f3n para este posto.<\/figcaption><\/figure><\/li>\n<li style=\"text-align: justify;\"><strong>Comisi\u00f3n Delegada:\u00a0<\/strong>O lanzador\u00a0<strong>V\u00edctor P\u00e9rez Curr\u00e1s\u00a0<\/strong>\u00e9 o representante electo da\u00a0<strong>Comisi\u00f3n de Atletas\u00a0<\/strong>dentro deste \u00f3rgano de goberno e representaci\u00f3n.<\/li>\n<li style=\"text-align: justify;\"><strong>Asamblea Xeral:<\/strong> O estamento que\u00a0<em>representa<\/em> a todo o atletismo galego ser\u00e1 no que haxa unha maior presencia celeste. Tanto o\u00a0<strong>Real Club Celta Atletismo\u00a0<\/strong>como o\u00a0<strong>Atletismo Feminino Celta<\/strong>\u00a0 forman parte do estamento de clubes a trav\u00e9s dos seus presidentes, <em>Serantes\u00a0<\/em>e\u00a0<strong>Paula Mari\u00f1o<\/strong>. Mentres,\u00a0<strong>Manuel Ageitos, Mar Chill\u00f3n\u00a0<\/strong>e\u00a0<strong>V\u00edctor P\u00e9rez\u00a0<\/strong>ser\u00e1n os nosos representantes dentro dos atletas, sendo 3 dos 5 representantes da provincia de Pontevedra.\n<p><figure id=\"attachment_9014\" aria-describedby=\"caption-attachment-9014\" style=\"width: 554px\" class=\"wp-caption aligncenter\"><img decoding=\"async\" loading=\"lazy\" class=\"wp-image-9014\" src=\"https:\/\/celtaatletismo.es\/blog\/blog\/wp-content\/uploads\/2019\/01\/DwKcNaLWwAICkaB.jpeg\" alt=\"\" width=\"554\" height=\"327\" srcset=\"https:\/\/celtaatletismo.es\/blog\/wp-content\/uploads\/2019\/01\/DwKcNaLWwAICkaB.jpeg 750w, https:\/\/celtaatletismo.es\/blog\/wp-content\/uploads\/2019\/01\/DwKcNaLWwAICkaB-200x118.jpeg 200w, https:\/\/celtaatletismo.es\/blog\/wp-content\/uploads\/2019\/01\/DwKcNaLWwAICkaB-360x212.jpeg 360w\" sizes=\"(max-width: 554px) 100vw, 554px\" \/><figcaption id=\"caption-attachment-9014\" class=\"wp-caption-text\">Os representantes c\u00e9lticos na \u00faltima Asamblea Xeral, no Hostal dos Reis Cat\u00f3licos.<\/figcaption><\/figure><\/li>\n<li style=\"text-align: justify;\"><strong>Comit\u00e9 T\u00e9cnico:\u00a0<\/strong>Os adestradores do noso clube aumentar\u00e1n os seus postos de responsabilidade na tecnificaci\u00f3n galega, dentro do departamento dirixido por\u00a0<em><strong>Mad\u00f3\u00a0<\/strong><\/em><strong>Gonz\u00e1lez:<\/strong>\n<ul>\n<li style=\"text-align: justify;\"><strong>Jose Manuel Hermida\u00a0<\/strong>mant\u00e9nse ao fronte do lanzamento de martelo novamente, confirmando os seus \u00e9xitos nestes anos.<\/li>\n<li style=\"text-align: justify;\"><strong>David G\u00f3mez <\/strong>destaca como novo responsable de probas combinadas e saltos verticais, sendo o ol\u00edmpico un dos adestradores que m\u00e1is disciplinas abarca.\n<p><figure id=\"attachment_9008\" aria-describedby=\"caption-attachment-9008\" style=\"width: 423px\" class=\"wp-caption aligncenter\"><img decoding=\"async\" loading=\"lazy\" class=\"wp-image-9008\" src=\"https:\/\/celtaatletismo.es\/blog\/blog\/wp-content\/uploads\/2019\/01\/David-G\u00f3mez-entrenador.jpg\" alt=\"\" width=\"423\" height=\"639\" srcset=\"https:\/\/celtaatletismo.es\/blog\/wp-content\/uploads\/2019\/01\/David-G\u00f3mez-entrenador.jpg 1356w, https:\/\/celtaatletismo.es\/blog\/wp-content\/uploads\/2019\/01\/David-G\u00f3mez-entrenador-132x200.jpg 132w, https:\/\/celtaatletismo.es\/blog\/wp-content\/uploads\/2019\/01\/David-G\u00f3mez-entrenador-768x1160.jpg 768w, https:\/\/celtaatletismo.es\/blog\/wp-content\/uploads\/2019\/01\/David-G\u00f3mez-entrenador-678x1024.jpg 678w, https:\/\/celtaatletismo.es\/blog\/wp-content\/uploads\/2019\/01\/David-G\u00f3mez-entrenador-360x544.jpg 360w, https:\/\/celtaatletismo.es\/blog\/wp-content\/uploads\/2019\/01\/David-G\u00f3mez-entrenador-750x1133.jpg 750w\" sizes=\"(max-width: 423px) 100vw, 423px\" \/><figcaption id=\"caption-attachment-9008\" class=\"wp-caption-text\">David abandonou a competici\u00f3n como atleta e at\u00f3pase volcado na labor como t\u00e9cnico.<\/figcaption><\/figure><\/li>\n<li style=\"text-align: justify;\">Tam\u00e9n est\u00e1 presente a adestradora e presidenta do noso filial\u00a0<strong><strong>V<\/strong><\/strong><strong>er\u00f3nica Cores\u00a0<\/strong>(<em>AD<\/em> <em>Mazi<\/em>) como responsable de saltos horizontais (lonxitude e triplo salto).<\/li>\n<\/ul>\n<\/li>\n<\/ul>\n<p style=\"text-align: justify;\">Con estas incorporaci\u00f3ns \u00e1 FGA o traballo e crecemento do noso clube queda reco\u00f1ecido xa polo noso atletismo, abr\u00edndose un novo e ilusionante per\u00edodo no cal as mellores do clube poder\u00e1n beneficiar a todo o \u00e1mbito galego. Boa sorte a todos eles!<\/p>\n","protected":false},"excerpt":{"rendered":"<p>O comezo da nova lexislatura 2018-2022 na\u00a0Federaci\u00f3n Galega de Atletismo deixa un marcado car\u00e1cter c\u00e9ltico dentro do ente. Despois do proceso electoral rematado o mes de novembro e a\u00a0Asamblea Xeral celebrada o s\u00e1bado 29 de decembro en\u00a0Santiago de Compostela, o noso clube est\u00e1 presente nos seguintes \u00f3rganos federativos:<\/p>\n","protected":false},"author":10,"featured_media":9003,"comment_status":"open","ping_status":"closed","sticky":false,"template":"","format":"standard","meta":{"_monsterinsights_skip_tracking":false,"_monsterinsights_sitenote_active":false,"_monsterinsights_sitenote_note":"","_monsterinsights_sitenote_category":0},"categories":[1],"tags":[],"yoast_head":"<!-- This site is optimized with the Yoast SEO plugin v20.9 - https:\/\/yoast.com\/wordpress\/plugins\/seo\/ -->\n<title>O Celta Atletismo aumenta a s\u00faa representaci\u00f3n na FGA - Celta Atletismo<\/title>\n<meta name=\"robots\" content=\"index, follow, max-snippet:-1, max-image-preview:large, max-video-preview:-1\" \/>\n<link rel=\"canonical\" href=\"https:\/\/celtaatletismo.es\/blog\/representacion-na-fga\/\" \/>\n<meta property=\"og:locale\" content=\"es_ES\" \/>\n<meta property=\"og:type\" content=\"article\" \/>\n<meta property=\"og:title\" content=\"O Celta Atletismo aumenta a s\u00faa representaci\u00f3n na FGA\" \/>\n<meta property=\"og:description\" content=\"O comezo da nova lexislatura 2018-2022 na\u00a0Federaci\u00f3n Galega de Atletismo deixa un marcado car\u00e1cter c\u00e9ltico dentro do ente. Despois do proceso electoral rematado o mes de novembro e a\u00a0Asamblea Xeral celebrada o s\u00e1bado 29 de decembro en\u00a0Santiago de Compostela, o noso clube est\u00e1 presente nos seguintes \u00f3rganos federativos:\" \/>\n<meta property=\"og:url\" content=\"https:\/\/celtaatletismo.es\/blog\/representacion-na-fga\/\" \/>\n<meta property=\"og:site_name\" content=\"Celta Atletismo\" \/>\n<meta property=\"article:publisher\" content=\"https:\/\/www.facebook.com\/Real-Club-Celta-de-Atletismo-Atletismo-Femenino-Celta-177005092323603\/\" \/>\n<meta property=\"article:published_time\" content=\"2019-01-05T15:22:46+00:00\" \/>\n<meta property=\"article:modified_time\" content=\"2019-01-09T07:27:51+00:00\" \/>\n<meta property=\"og:image\" content=\"https:\/\/celtaatletismo.es\/blog\/wp-content\/uploads\/2019\/01\/IMG_20181229_205929-e1546700246415.jpg\" \/>\n\t<meta property=\"og:image:width\" content=\"1200\" \/>\n\t<meta property=\"og:image:height\" content=\"707\" \/>\n\t<meta property=\"og:image:type\" content=\"image\/jpeg\" \/>\n<meta name=\"author\" content=\"Celta Atletismo\" \/>\n<meta name=\"twitter:card\" content=\"summary_large_image\" \/>\n<meta name=\"twitter:title\" content=\"O Celta Atletismo aumenta a s\u00faa representaci\u00f3n na FGA\" \/>\n<meta name=\"twitter:creator\" content=\"@CeltaAtletismo\" \/>\n<meta name=\"twitter:site\" content=\"@CeltaAtletismo\" \/>\n<meta name=\"twitter:label1\" content=\"Escrito por\" \/>\n\t<meta name=\"twitter:data1\" content=\"Celta Atletismo\" \/>\n\t<meta name=\"twitter:label2\" content=\"Tiempo de lectura\" \/>\n\t<meta name=\"twitter:data2\" content=\"2 minutos\" \/>\n<script type=\"application\/ld+json\" class=\"yoast-schema-graph\">{\"@context\":\"https:\/\/schema.org\",\"@graph\":[{\"@type\":\"Article\",\"@id\":\"https:\/\/celtaatletismo.es\/blog\/representacion-na-fga\/#article\",\"isPartOf\":{\"@id\":\"https:\/\/celtaatletismo.es\/blog\/representacion-na-fga\/\"},\"author\":{\"name\":\"Celta Atletismo\",\"@id\":\"https:\/\/celtaatletismo.es\/blog\/#\/schema\/person\/0cc377de6986c44118882ce271368236\"},\"headline\":\"O Celta Atletismo aumenta a s\u00faa representaci\u00f3n na FGA\",\"datePublished\":\"2019-01-05T15:22:46+00:00\",\"dateModified\":\"2019-01-09T07:27:51+00:00\",\"mainEntityOfPage\":{\"@id\":\"https:\/\/celtaatletismo.es\/blog\/representacion-na-fga\/\"},\"wordCount\":403,\"commentCount\":0,\"publisher\":{\"@id\":\"https:\/\/celtaatletismo.es\/blog\/#organization\"},\"articleSection\":[\"Actualidade\"],\"inLanguage\":\"es\",\"potentialAction\":[{\"@type\":\"CommentAction\",\"name\":\"Comment\",\"target\":[\"https:\/\/celtaatletismo.es\/blog\/representacion-na-fga\/#respond\"]}]},{\"@type\":\"WebPage\",\"@id\":\"https:\/\/celtaatletismo.es\/blog\/representacion-na-fga\/\",\"url\":\"https:\/\/celtaatletismo.es\/blog\/representacion-na-fga\/\",\"name\":\"O Celta Atletismo aumenta a s\u00faa representaci\u00f3n na FGA - Celta Atletismo\",\"isPartOf\":{\"@id\":\"https:\/\/celtaatletismo.es\/blog\/#website\"},\"datePublished\":\"2019-01-05T15:22:46+00:00\",\"dateModified\":\"2019-01-09T07:27:51+00:00\",\"breadcrumb\":{\"@id\":\"https:\/\/celtaatletismo.es\/blog\/representacion-na-fga\/#breadcrumb\"},\"inLanguage\":\"es\",\"potentialAction\":[{\"@type\":\"ReadAction\",\"target\":[\"https:\/\/celtaatletismo.es\/blog\/representacion-na-fga\/\"]}]},{\"@type\":\"BreadcrumbList\",\"@id\":\"https:\/\/celtaatletismo.es\/blog\/representacion-na-fga\/#breadcrumb\",\"itemListElement\":[{\"@type\":\"ListItem\",\"position\":1,\"name\":\"Portada\",\"item\":\"https:\/\/celtaatletismo.es\/blog\/\"},{\"@type\":\"ListItem\",\"position\":2,\"name\":\"O Celta Atletismo aumenta a s\u00faa representaci\u00f3n na FGA\"}]},{\"@type\":\"WebSite\",\"@id\":\"https:\/\/celtaatletismo.es\/blog\/#website\",\"url\":\"https:\/\/celtaatletismo.es\/blog\/\",\"name\":\"Celta Atletismo\",\"description\":\"Web oficial del Real Club Celta Atletismo y del Club Atletismo Femenino Celta\",\"publisher\":{\"@id\":\"https:\/\/celtaatletismo.es\/blog\/#organization\"},\"potentialAction\":[{\"@type\":\"SearchAction\",\"target\":{\"@type\":\"EntryPoint\",\"urlTemplate\":\"https:\/\/celtaatletismo.es\/blog\/?s={search_term_string}\"},\"query-input\":\"required name=search_term_string\"}],\"inLanguage\":\"es\"},{\"@type\":\"Organization\",\"@id\":\"https:\/\/celtaatletismo.es\/blog\/#organization\",\"name\":\"Celta Atletismo\",\"url\":\"https:\/\/celtaatletismo.es\/blog\/\",\"logo\":{\"@type\":\"ImageObject\",\"inLanguage\":\"es\",\"@id\":\"https:\/\/celtaatletismo.es\/blog\/#\/schema\/logo\/image\/\",\"url\":\"https:\/\/celtaatletismo.es\/blog\/wp-content\/uploads\/2018\/12\/logo-web-celta-atletismo-solo.png\",\"contentUrl\":\"https:\/\/celtaatletismo.es\/blog\/wp-content\/uploads\/2018\/12\/logo-web-celta-atletismo-solo.png\",\"width\":555,\"height\":171,\"caption\":\"Celta Atletismo\"},\"image\":{\"@id\":\"https:\/\/celtaatletismo.es\/blog\/#\/schema\/logo\/image\/\"},\"sameAs\":[\"https:\/\/www.facebook.com\/Real-Club-Celta-de-Atletismo-Atletismo-Femenino-Celta-177005092323603\/\",\"https:\/\/twitter.com\/CeltaAtletismo\"]},{\"@type\":\"Person\",\"@id\":\"https:\/\/celtaatletismo.es\/blog\/#\/schema\/person\/0cc377de6986c44118882ce271368236\",\"name\":\"Celta Atletismo\",\"image\":{\"@type\":\"ImageObject\",\"inLanguage\":\"es\",\"@id\":\"https:\/\/celtaatletismo.es\/blog\/#\/schema\/person\/image\/\",\"url\":\"https:\/\/secure.gravatar.com\/avatar\/eb683c7f17cacdb2eb6a21ccb376e679?s=96&d=mm&r=g\",\"contentUrl\":\"https:\/\/secure.gravatar.com\/avatar\/eb683c7f17cacdb2eb6a21ccb376e679?s=96&d=mm&r=g\",\"caption\":\"Celta Atletismo\"},\"url\":\"https:\/\/celtaatletismo.es\/blog\/author\/celta-atletismo\/\"}]}<\/script>\n<!-- \/ Yoast SEO plugin. -->","yoast_head_json":{"title":"O Celta Atletismo aumenta a s\u00faa representaci\u00f3n na FGA - Celta Atletismo","robots":{"index":"index","follow":"follow","max-snippet":"max-snippet:-1","max-image-preview":"max-image-preview:large","max-video-preview":"max-video-preview:-1"},"canonical":"https:\/\/celtaatletismo.es\/blog\/representacion-na-fga\/","og_locale":"es_ES","og_type":"article","og_title":"O Celta Atletismo aumenta a s\u00faa representaci\u00f3n na FGA","og_description":"O comezo da nova lexislatura 2018-2022 na\u00a0Federaci\u00f3n Galega de Atletismo deixa un marcado car\u00e1cter c\u00e9ltico dentro do ente. Despois do proceso electoral rematado o mes de novembro e a\u00a0Asamblea Xeral celebrada o s\u00e1bado 29 de decembro en\u00a0Santiago de Compostela, o noso clube est\u00e1 presente nos seguintes \u00f3rganos federativos:","og_url":"https:\/\/celtaatletismo.es\/blog\/representacion-na-fga\/","og_site_name":"Celta Atletismo","article_publisher":"https:\/\/www.facebook.com\/Real-Club-Celta-de-Atletismo-Atletismo-Femenino-Celta-177005092323603\/","article_published_time":"2019-01-05T15:22:46+00:00","article_modified_time":"2019-01-09T07:27:51+00:00","og_image":[{"width":1200,"height":707,"url":"https:\/\/celtaatletismo.es\/blog\/wp-content\/uploads\/2019\/01\/IMG_20181229_205929-e1546700246415.jpg","type":"image\/jpeg"}],"author":"Celta Atletismo","twitter_card":"summary_large_image","twitter_title":"O Celta Atletismo aumenta a s\u00faa representaci\u00f3n na FGA","twitter_creator":"@CeltaAtletismo","twitter_site":"@CeltaAtletismo","twitter_misc":{"Escrito por":"Celta Atletismo","Tiempo de lectura":"2 minutos"},"schema":{"@context":"https:\/\/schema.org","@graph":[{"@type":"Article","@id":"https:\/\/celtaatletismo.es\/blog\/representacion-na-fga\/#article","isPartOf":{"@id":"https:\/\/celtaatletismo.es\/blog\/representacion-na-fga\/"},"author":{"name":"Celta Atletismo","@id":"https:\/\/celtaatletismo.es\/blog\/#\/schema\/person\/0cc377de6986c44118882ce271368236"},"headline":"O Celta Atletismo aumenta a s\u00faa representaci\u00f3n na FGA","datePublished":"2019-01-05T15:22:46+00:00","dateModified":"2019-01-09T07:27:51+00:00","mainEntityOfPage":{"@id":"https:\/\/celtaatletismo.es\/blog\/representacion-na-fga\/"},"wordCount":403,"commentCount":0,"publisher":{"@id":"https:\/\/celtaatletismo.es\/blog\/#organization"},"articleSection":["Actualidade"],"inLanguage":"es","potentialAction":[{"@type":"CommentAction","name":"Comment","target":["https:\/\/celtaatletismo.es\/blog\/representacion-na-fga\/#respond"]}]},{"@type":"WebPage","@id":"https:\/\/celtaatletismo.es\/blog\/representacion-na-fga\/","url":"https:\/\/celtaatletismo.es\/blog\/representacion-na-fga\/","name":"O Celta Atletismo aumenta a s\u00faa representaci\u00f3n na FGA - Celta Atletismo","isPartOf":{"@id":"https:\/\/celtaatletismo.es\/blog\/#website"},"datePublished":"2019-01-05T15:22:46+00:00","dateModified":"2019-01-09T07:27:51+00:00","breadcrumb":{"@id":"https:\/\/celtaatletismo.es\/blog\/representacion-na-fga\/#breadcrumb"},"inLanguage":"es","potentialAction":[{"@type":"ReadAction","target":["https:\/\/celtaatletismo.es\/blog\/representacion-na-fga\/"]}]},{"@type":"BreadcrumbList","@id":"https:\/\/celtaatletismo.es\/blog\/representacion-na-fga\/#breadcrumb","itemListElement":[{"@type":"ListItem","position":1,"name":"Portada","item":"https:\/\/celtaatletismo.es\/blog\/"},{"@type":"ListItem","position":2,"name":"O Celta Atletismo aumenta a s\u00faa representaci\u00f3n na FGA"}]},{"@type":"WebSite","@id":"https:\/\/celtaatletismo.es\/blog\/#website","url":"https:\/\/celtaatletismo.es\/blog\/","name":"Celta Atletismo","description":"Web oficial del Real Club Celta Atletismo y del Club Atletismo Femenino Celta","publisher":{"@id":"https:\/\/celtaatletismo.es\/blog\/#organization"},"potentialAction":[{"@type":"SearchAction","target":{"@type":"EntryPoint","urlTemplate":"https:\/\/celtaatletismo.es\/blog\/?s={search_term_string}"},"query-input":"required name=search_term_string"}],"inLanguage":"es"},{"@type":"Organization","@id":"https:\/\/celtaatletismo.es\/blog\/#organization","name":"Celta Atletismo","url":"https:\/\/celtaatletismo.es\/blog\/","logo":{"@type":"ImageObject","inLanguage":"es","@id":"https:\/\/celtaatletismo.es\/blog\/#\/schema\/logo\/image\/","url":"https:\/\/celtaatletismo.es\/blog\/wp-content\/uploads\/2018\/12\/logo-web-celta-atletismo-solo.png","contentUrl":"https:\/\/celtaatletismo.es\/blog\/wp-content\/uploads\/2018\/12\/logo-web-celta-atletismo-solo.png","width":555,"height":171,"caption":"Celta Atletismo"},"image":{"@id":"https:\/\/celtaatletismo.es\/blog\/#\/schema\/logo\/image\/"},"sameAs":["https:\/\/www.facebook.com\/Real-Club-Celta-de-Atletismo-Atletismo-Femenino-Celta-177005092323603\/","https:\/\/twitter.com\/CeltaAtletismo"]},{"@type":"Person","@id":"https:\/\/celtaatletismo.es\/blog\/#\/schema\/person\/0cc377de6986c44118882ce271368236","name":"Celta Atletismo","image":{"@type":"ImageObject","inLanguage":"es","@id":"https:\/\/celtaatletismo.es\/blog\/#\/schema\/person\/image\/","url":"https:\/\/secure.gravatar.com\/avatar\/eb683c7f17cacdb2eb6a21ccb376e679?s=96&d=mm&r=g","contentUrl":"https:\/\/secure.gravatar.com\/avatar\/eb683c7f17cacdb2eb6a21ccb376e679?s=96&d=mm&r=g","caption":"Celta Atletismo"},"url":"https:\/\/celtaatletismo.es\/blog\/author\/celta-atletismo\/"}]}},"_links":{"self":[{"href":"https:\/\/celtaatletismo.es\/blog\/wp-json\/wp\/v2\/posts\/8958"}],"collection":[{"href":"https:\/\/celtaatletismo.es\/blog\/wp-json\/wp\/v2\/posts"}],"about":[{"href":"https:\/\/celtaatletismo.es\/blog\/wp-json\/wp\/v2\/types\/post"}],"author":[{"embeddable":true,"href":"https:\/\/celtaatletismo.es\/blog\/wp-json\/wp\/v2\/users\/10"}],"replies":[{"embeddable":true,"href":"https:\/\/celtaatletismo.es\/blog\/wp-json\/wp\/v2\/comments?post=8958"}],"version-history":[{"count":13,"href":"https:\/\/celtaatletismo.es\/blog\/wp-json\/wp\/v2\/posts\/8958\/revisions"}],"predecessor-version":[{"id":9018,"href":"https:\/\/celtaatletismo.es\/blog\/wp-json\/wp\/v2\/posts\/8958\/revisions\/9018"}],"wp:featuredmedia":[{"embeddable":true,"href":"https:\/\/celtaatletismo.es\/blog\/wp-json\/wp\/v2\/media\/9003"}],"wp:attachment":[{"href":"https:\/\/celtaatletismo.es\/blog\/wp-json\/wp\/v2\/media?parent=8958"}],"wp:term":[{"taxonomy":"category","embeddable":true,"href":"https:\/\/celtaatletismo.es\/blog\/wp-json\/wp\/v2\/categories?post=8958"},{"taxonomy":"post_tag","embeddable":true,"href":"https:\/\/celtaatletismo.es\/blog\/wp-json\/wp\/v2\/tags?post=8958"}],"curies":[{"name":"wp","href":"https:\/\/api.w.org\/{rel}","templated":true}]}}