{"id":5972,"date":"2015-07-01T20:56:12","date_gmt":"2015-07-01T18:56:12","guid":{"rendered":"https:\/\/celtaatletismo.es\/blog\/?p=5972"},"modified":"2015-07-10T13:35:36","modified_gmt":"2015-07-10T11:35:36","slug":"xxxvi-gran-premio-cidade-de-vigo","status":"publish","type":"post","link":"https:\/\/celtaatletismo.es\/blog\/xxxvi-gran-premio-cidade-de-vigo\/","title":{"rendered":"XXXVI GRAN PREMIO CIDADE DE VIGO (Actualizado con listas de sa\u00edda)"},"content":{"rendered":"<p style=\"text-align: justify;\">Na xa longa historia do atletismo vigu\u00e9s, que arranca no ano 1913, o \u201c<strong>GRAN PREMIO CIDADE DE VIGO\u201d<\/strong> en pista, iniciado no 1958, representa un dos seus m\u00e1ximos acontecementos, entre os distintos campionatos nacionais e encontros internacionais de atletismo, ruta e campo a trav\u00e9s celebrados na cidade.<\/p>\n<p style=\"text-align: justify;\">Foi en xullo de 1958 cando este \u201cMeeting\u201d, ao estilo dos grandes nacionais e europeos, se disputou por vez primeira nas desaparecidas pistas de cinza do Estadio de F\u00fatbol de Bala\u00eddos e xa daquela\u00a0 vi\u00f1eran a competir os mellores fondistas de Espa\u00f1a e Portugal en carreiras de 2.000 e 5.000 metros, ante milleiros de seareiros, ga\u00f1ando os ol\u00edmpicos Tom\u00e1s Barris e Antonio Amor\u00f3s.<\/p>\n<p style=\"text-align: justify;\">Aquela xornada inicial alcanzou un \u00e9xito espectacular e dende ent\u00f3n inclu\u00edase anualmente no calendario da RFEA, sempre baixo o patrocinio do Concello de Vigo, no desexo de consolidar a proba coma un acontecemento deportivo de primeira orde, enriquecendo o calendario do atletismo galego.<\/p>\n<p style=\"text-align: justify;\">Ser\u00eda na edici\u00f3n do ano 1991, na 25\u00aa edici\u00f3n precisamente, cando o <strong>\u201cGRAN PREMIO CIDADE DE VIGO\u201d<\/strong> alcanzase maior resonancia, pois nas novas pistas do Estadio Municipal de Atletismo de Bala\u00eddos reun\u00edranse atletas dos Estados Unidos, Rusia, Xamaica, Nixeria, Hungr\u00eda, Brasil, Kenya, Portugal e os mellores atletas espa\u00f1ois, para ofrecernos un espect\u00e1culo deportivo do m\u00e1is alto nivel, coas gradas das pistas cheas e coa retransmisi\u00f3n en directo da RTVE.<\/p>\n<p style=\"text-align: justify;\">Qu\u00e9danos no recordo un <em>r\u00e9cord<\/em> de Espa\u00f1a establecido nese \u201cMeeting\u201d. O feminino de 100 metros lisos pola estadounidense nacionalizada espa\u00f1ola, Sandra Myers, cun tempo de 11,06 que se mant\u00e9n vixente, a d\u00eda de hoxe no palmar\u00e9s nacional. A proba foi ga\u00f1ada pola xamaicana, Marlene Ottey, que co seu tempo de 10,79 rexistrou o mellor rexistro mundial daquel ano na distancia.<\/p>\n<p style=\"text-align: justify;\">O <strong>\u201cGRAN PREMIO CIDADE DE VIGO\u201d<\/strong> representa unha proba indispensable no calendario do atletismo vigu\u00e9s e galego; \u00e9 un \u201cMeeting\u201d excepcional e rechamante para os atletas grazas aos premios econ\u00f3micos que se reparten, \u00e1 organizaci\u00f3n que busca o espect\u00e1culo, a excelencia organizativa e a posibilidade que se abre para a mellora das marcas dos seus participantes debido \u00e1 calidade dos atletas presentes. \u00c9 o atletismo o primeiro deporte ol\u00edmpico e, nesta condici\u00f3n, precisa do apoio un\u00e1nime para cumprir a s\u00faa dobre misi\u00f3n: espectacular e formativa.<\/p>\n<p style=\"text-align: justify;\">Dende o Celta Atletismo informamos que por existir xa d\u00faas probas programadas para este fin de semana no calendario nacional, dia 11 Meeting de Madrid e dia 12 Gran Premio Diputaci\u00f3n Foral de \u00c1lava, a RFEA rexeitou a inclusi\u00f3n do XXXVI Gran Premio Ciudad de Vigo de Atletismo no calendario nacional.<\/p>\n<div><\/div>\n<div>Sinalar que como organizadores do Gran Premio realizamos todos os tramites necesarios para que dita proba fose incluida, pero debido o escaso marxen co que se nos comunicou a concesi\u00f3n da organizaci\u00f3n, por motivos que xa son co\u00f1ecidos pola maior parte dos implicados. (Federaci\u00f3n Galega de Atletismo, Clubs, Concello de Vigo, etc..) non puidose realizar nos prazos \u00f3ptimos para s\u00faa boa execuci\u00f3n.<\/div>\n<div><\/div>\n<div>Dende o Celta Atletismo pedimos disculpas a todos aqueles que poidan verse afectados dalg\u00fan modo. Pese a no estar incluida a prueba no calendario nacional, a s\u00faa organizaci\u00f3n, premios, ambiente seguir\u00e1n sendo os dunha competici\u00f3n de primero nivel, como se merece un Gran Premio que xa vai pola s\u00faa 36\u00ba edici\u00f3n.<\/div>\n<p style=\"text-align: justify;\">O vindeiro s\u00e1bado 11 de xullo, esper\u00e1mosvos na Pista Municipal de Balaidos. Volve a maior festa do Atletismo en Pista na cidade.<\/p>\n<p>Xa temos a lista dos atletas que competir\u00e1n no XXXVI Gran Premio Cidade de Vigo organizado polo Atletismo Femenino Celta.<br \/>\nRecordade, os esperamos a tod@s este s\u00e1bado\u00a0a partir das 19:00 horas nas Pistas de Atletismo de Balaidos.<\/p>\n<ul>\n<li><a href=\"https:\/\/issuu.com\/davidgomezmartinez\/docs\/listas_de_salida_gp_ciudad_de_vigo\">Listas de sa\u00edda<\/a><\/li>\n<li><a href=\"https:\/\/www.atletismogalego.com\/aceptados.pdf\" target=\"_blank\">Listado de atletas inscritos<\/a><\/li>\n<li><a href=\"https:\/\/www.atletismogalego.com\/hv1107151.pdf\" target=\"_blank\">Regulamento<\/a><\/li>\n<\/ul>\n<p style=\"text-align: justify;\">\n","protected":false},"excerpt":{"rendered":"<p>Na xa longa historia do atletismo vigu\u00e9s, que arranca no ano 1913, o \u201cGRAN PREMIO CIDADE DE VIGO\u201d en pista, iniciado no 1958, representa un dos seus m\u00e1ximos acontecementos, entre os distintos campionatos nacionais e encontros internacionais de atletismo, ruta e campo a trav\u00e9s celebrados na cidade. Foi en xullo de 1958 cando este \u201cMeeting\u201d, [&hellip;]<\/p>\n","protected":false},"author":10,"featured_media":6003,"comment_status":"closed","ping_status":"closed","sticky":false,"template":"","format":"standard","meta":{"_monsterinsights_skip_tracking":false,"_monsterinsights_sitenote_active":false,"_monsterinsights_sitenote_note":"","_monsterinsights_sitenote_category":0},"categories":[1],"tags":[],"yoast_head":"<!-- This site is optimized with the Yoast SEO plugin v20.9 - https:\/\/yoast.com\/wordpress\/plugins\/seo\/ -->\n<title>XXXVI GRAN PREMIO CIDADE DE VIGO (Actualizado con listas de sa\u00edda) - Celta Atletismo<\/title>\n<meta name=\"robots\" content=\"index, follow, max-snippet:-1, max-image-preview:large, max-video-preview:-1\" \/>\n<link rel=\"canonical\" href=\"https:\/\/celtaatletismo.es\/blog\/xxxvi-gran-premio-cidade-de-vigo\/\" \/>\n<meta property=\"og:locale\" content=\"es_ES\" \/>\n<meta property=\"og:type\" content=\"article\" \/>\n<meta property=\"og:title\" content=\"XXXVI GRAN PREMIO CIDADE DE VIGO (Actualizado con listas de sa\u00edda) - Celta Atletismo\" \/>\n<meta property=\"og:description\" content=\"Na xa longa historia do atletismo vigu\u00e9s, que arranca no ano 1913, o \u201cGRAN PREMIO CIDADE DE VIGO\u201d en pista, iniciado no 1958, representa un dos seus m\u00e1ximos acontecementos, entre os distintos campionatos nacionais e encontros internacionais de atletismo, ruta e campo a trav\u00e9s celebrados na cidade. Foi en xullo de 1958 cando este \u201cMeeting\u201d, [&hellip;]\" \/>\n<meta property=\"og:url\" content=\"https:\/\/celtaatletismo.es\/blog\/xxxvi-gran-premio-cidade-de-vigo\/\" \/>\n<meta property=\"og:site_name\" content=\"Celta Atletismo\" \/>\n<meta property=\"article:publisher\" content=\"https:\/\/www.facebook.com\/Real-Club-Celta-de-Atletismo-Atletismo-Femenino-Celta-177005092323603\/\" \/>\n<meta property=\"article:published_time\" content=\"2015-07-01T18:56:12+00:00\" \/>\n<meta property=\"article:modified_time\" content=\"2015-07-10T11:35:36+00:00\" \/>\n<meta property=\"og:image\" content=\"https:\/\/celtaatletismo.es\/blog\/wp-content\/uploads\/2015\/07\/Cartaz-Trofeo-Cidade-de-Vigo-OK2.jpg\" \/>\n\t<meta property=\"og:image:width\" content=\"299\" \/>\n\t<meta property=\"og:image:height\" content=\"521\" \/>\n\t<meta property=\"og:image:type\" content=\"image\/jpeg\" \/>\n<meta name=\"author\" content=\"Celta Atletismo\" \/>\n<meta name=\"twitter:card\" content=\"summary_large_image\" \/>\n<meta name=\"twitter:creator\" content=\"@CeltaAtletismo\" \/>\n<meta name=\"twitter:site\" content=\"@CeltaAtletismo\" \/>\n<meta name=\"twitter:label1\" content=\"Escrito por\" \/>\n\t<meta name=\"twitter:data1\" content=\"Celta Atletismo\" \/>\n\t<meta name=\"twitter:label2\" content=\"Tiempo de lectura\" \/>\n\t<meta name=\"twitter:data2\" content=\"3 minutos\" \/>\n<script type=\"application\/ld+json\" class=\"yoast-schema-graph\">{\"@context\":\"https:\/\/schema.org\",\"@graph\":[{\"@type\":\"Article\",\"@id\":\"https:\/\/celtaatletismo.es\/blog\/xxxvi-gran-premio-cidade-de-vigo\/#article\",\"isPartOf\":{\"@id\":\"https:\/\/celtaatletismo.es\/blog\/xxxvi-gran-premio-cidade-de-vigo\/\"},\"author\":{\"name\":\"Celta Atletismo\",\"@id\":\"https:\/\/celtaatletismo.es\/blog\/#\/schema\/person\/0cc377de6986c44118882ce271368236\"},\"headline\":\"XXXVI GRAN PREMIO CIDADE DE VIGO (Actualizado con listas de sa\u00edda)\",\"datePublished\":\"2015-07-01T18:56:12+00:00\",\"dateModified\":\"2015-07-10T11:35:36+00:00\",\"mainEntityOfPage\":{\"@id\":\"https:\/\/celtaatletismo.es\/blog\/xxxvi-gran-premio-cidade-de-vigo\/\"},\"wordCount\":654,\"publisher\":{\"@id\":\"https:\/\/celtaatletismo.es\/blog\/#organization\"},\"articleSection\":[\"Actualidade\"],\"inLanguage\":\"es\"},{\"@type\":\"WebPage\",\"@id\":\"https:\/\/celtaatletismo.es\/blog\/xxxvi-gran-premio-cidade-de-vigo\/\",\"url\":\"https:\/\/celtaatletismo.es\/blog\/xxxvi-gran-premio-cidade-de-vigo\/\",\"name\":\"XXXVI GRAN PREMIO CIDADE DE VIGO (Actualizado con listas de sa\u00edda) - Celta Atletismo\",\"isPartOf\":{\"@id\":\"https:\/\/celtaatletismo.es\/blog\/#website\"},\"datePublished\":\"2015-07-01T18:56:12+00:00\",\"dateModified\":\"2015-07-10T11:35:36+00:00\",\"breadcrumb\":{\"@id\":\"https:\/\/celtaatletismo.es\/blog\/xxxvi-gran-premio-cidade-de-vigo\/#breadcrumb\"},\"inLanguage\":\"es\",\"potentialAction\":[{\"@type\":\"ReadAction\",\"target\":[\"https:\/\/celtaatletismo.es\/blog\/xxxvi-gran-premio-cidade-de-vigo\/\"]}]},{\"@type\":\"BreadcrumbList\",\"@id\":\"https:\/\/celtaatletismo.es\/blog\/xxxvi-gran-premio-cidade-de-vigo\/#breadcrumb\",\"itemListElement\":[{\"@type\":\"ListItem\",\"position\":1,\"name\":\"Portada\",\"item\":\"https:\/\/celtaatletismo.es\/blog\/\"},{\"@type\":\"ListItem\",\"position\":2,\"name\":\"XXXVI GRAN PREMIO CIDADE DE VIGO (Actualizado con listas de sa\u00edda)\"}]},{\"@type\":\"WebSite\",\"@id\":\"https:\/\/celtaatletismo.es\/blog\/#website\",\"url\":\"https:\/\/celtaatletismo.es\/blog\/\",\"name\":\"Celta Atletismo\",\"description\":\"Web oficial del Real Club Celta Atletismo y del Club Atletismo Femenino Celta\",\"publisher\":{\"@id\":\"https:\/\/celtaatletismo.es\/blog\/#organization\"},\"potentialAction\":[{\"@type\":\"SearchAction\",\"target\":{\"@type\":\"EntryPoint\",\"urlTemplate\":\"https:\/\/celtaatletismo.es\/blog\/?s={search_term_string}\"},\"query-input\":\"required name=search_term_string\"}],\"inLanguage\":\"es\"},{\"@type\":\"Organization\",\"@id\":\"https:\/\/celtaatletismo.es\/blog\/#organization\",\"name\":\"Celta Atletismo\",\"url\":\"https:\/\/celtaatletismo.es\/blog\/\",\"logo\":{\"@type\":\"ImageObject\",\"inLanguage\":\"es\",\"@id\":\"https:\/\/celtaatletismo.es\/blog\/#\/schema\/logo\/image\/\",\"url\":\"https:\/\/celtaatletismo.es\/blog\/wp-content\/uploads\/2018\/12\/logo-web-celta-atletismo-solo.png\",\"contentUrl\":\"https:\/\/celtaatletismo.es\/blog\/wp-content\/uploads\/2018\/12\/logo-web-celta-atletismo-solo.png\",\"width\":555,\"height\":171,\"caption\":\"Celta Atletismo\"},\"image\":{\"@id\":\"https:\/\/celtaatletismo.es\/blog\/#\/schema\/logo\/image\/\"},\"sameAs\":[\"https:\/\/www.facebook.com\/Real-Club-Celta-de-Atletismo-Atletismo-Femenino-Celta-177005092323603\/\",\"https:\/\/twitter.com\/CeltaAtletismo\"]},{\"@type\":\"Person\",\"@id\":\"https:\/\/celtaatletismo.es\/blog\/#\/schema\/person\/0cc377de6986c44118882ce271368236\",\"name\":\"Celta Atletismo\",\"image\":{\"@type\":\"ImageObject\",\"inLanguage\":\"es\",\"@id\":\"https:\/\/celtaatletismo.es\/blog\/#\/schema\/person\/image\/\",\"url\":\"https:\/\/secure.gravatar.com\/avatar\/eb683c7f17cacdb2eb6a21ccb376e679?s=96&d=mm&r=g\",\"contentUrl\":\"https:\/\/secure.gravatar.com\/avatar\/eb683c7f17cacdb2eb6a21ccb376e679?s=96&d=mm&r=g\",\"caption\":\"Celta Atletismo\"},\"url\":\"https:\/\/celtaatletismo.es\/blog\/author\/celta-atletismo\/\"}]}<\/script>\n<!-- \/ Yoast SEO plugin. -->","yoast_head_json":{"title":"XXXVI GRAN PREMIO CIDADE DE VIGO (Actualizado con listas de sa\u00edda) - Celta Atletismo","robots":{"index":"index","follow":"follow","max-snippet":"max-snippet:-1","max-image-preview":"max-image-preview:large","max-video-preview":"max-video-preview:-1"},"canonical":"https:\/\/celtaatletismo.es\/blog\/xxxvi-gran-premio-cidade-de-vigo\/","og_locale":"es_ES","og_type":"article","og_title":"XXXVI GRAN PREMIO CIDADE DE VIGO (Actualizado con listas de sa\u00edda) - Celta Atletismo","og_description":"Na xa longa historia do atletismo vigu\u00e9s, que arranca no ano 1913, o \u201cGRAN PREMIO CIDADE DE VIGO\u201d en pista, iniciado no 1958, representa un dos seus m\u00e1ximos acontecementos, entre os distintos campionatos nacionais e encontros internacionais de atletismo, ruta e campo a trav\u00e9s celebrados na cidade. Foi en xullo de 1958 cando este \u201cMeeting\u201d, [&hellip;]","og_url":"https:\/\/celtaatletismo.es\/blog\/xxxvi-gran-premio-cidade-de-vigo\/","og_site_name":"Celta Atletismo","article_publisher":"https:\/\/www.facebook.com\/Real-Club-Celta-de-Atletismo-Atletismo-Femenino-Celta-177005092323603\/","article_published_time":"2015-07-01T18:56:12+00:00","article_modified_time":"2015-07-10T11:35:36+00:00","og_image":[{"width":299,"height":521,"url":"https:\/\/celtaatletismo.es\/blog\/wp-content\/uploads\/2015\/07\/Cartaz-Trofeo-Cidade-de-Vigo-OK2.jpg","type":"image\/jpeg"}],"author":"Celta Atletismo","twitter_card":"summary_large_image","twitter_creator":"@CeltaAtletismo","twitter_site":"@CeltaAtletismo","twitter_misc":{"Escrito por":"Celta Atletismo","Tiempo de lectura":"3 minutos"},"schema":{"@context":"https:\/\/schema.org","@graph":[{"@type":"Article","@id":"https:\/\/celtaatletismo.es\/blog\/xxxvi-gran-premio-cidade-de-vigo\/#article","isPartOf":{"@id":"https:\/\/celtaatletismo.es\/blog\/xxxvi-gran-premio-cidade-de-vigo\/"},"author":{"name":"Celta Atletismo","@id":"https:\/\/celtaatletismo.es\/blog\/#\/schema\/person\/0cc377de6986c44118882ce271368236"},"headline":"XXXVI GRAN PREMIO CIDADE DE VIGO (Actualizado con listas de sa\u00edda)","datePublished":"2015-07-01T18:56:12+00:00","dateModified":"2015-07-10T11:35:36+00:00","mainEntityOfPage":{"@id":"https:\/\/celtaatletismo.es\/blog\/xxxvi-gran-premio-cidade-de-vigo\/"},"wordCount":654,"publisher":{"@id":"https:\/\/celtaatletismo.es\/blog\/#organization"},"articleSection":["Actualidade"],"inLanguage":"es"},{"@type":"WebPage","@id":"https:\/\/celtaatletismo.es\/blog\/xxxvi-gran-premio-cidade-de-vigo\/","url":"https:\/\/celtaatletismo.es\/blog\/xxxvi-gran-premio-cidade-de-vigo\/","name":"XXXVI GRAN PREMIO CIDADE DE VIGO (Actualizado con listas de sa\u00edda) - Celta Atletismo","isPartOf":{"@id":"https:\/\/celtaatletismo.es\/blog\/#website"},"datePublished":"2015-07-01T18:56:12+00:00","dateModified":"2015-07-10T11:35:36+00:00","breadcrumb":{"@id":"https:\/\/celtaatletismo.es\/blog\/xxxvi-gran-premio-cidade-de-vigo\/#breadcrumb"},"inLanguage":"es","potentialAction":[{"@type":"ReadAction","target":["https:\/\/celtaatletismo.es\/blog\/xxxvi-gran-premio-cidade-de-vigo\/"]}]},{"@type":"BreadcrumbList","@id":"https:\/\/celtaatletismo.es\/blog\/xxxvi-gran-premio-cidade-de-vigo\/#breadcrumb","itemListElement":[{"@type":"ListItem","position":1,"name":"Portada","item":"https:\/\/celtaatletismo.es\/blog\/"},{"@type":"ListItem","position":2,"name":"XXXVI GRAN PREMIO CIDADE DE VIGO (Actualizado con listas de sa\u00edda)"}]},{"@type":"WebSite","@id":"https:\/\/celtaatletismo.es\/blog\/#website","url":"https:\/\/celtaatletismo.es\/blog\/","name":"Celta Atletismo","description":"Web oficial del Real Club Celta Atletismo y del Club Atletismo Femenino Celta","publisher":{"@id":"https:\/\/celtaatletismo.es\/blog\/#organization"},"potentialAction":[{"@type":"SearchAction","target":{"@type":"EntryPoint","urlTemplate":"https:\/\/celtaatletismo.es\/blog\/?s={search_term_string}"},"query-input":"required name=search_term_string"}],"inLanguage":"es"},{"@type":"Organization","@id":"https:\/\/celtaatletismo.es\/blog\/#organization","name":"Celta Atletismo","url":"https:\/\/celtaatletismo.es\/blog\/","logo":{"@type":"ImageObject","inLanguage":"es","@id":"https:\/\/celtaatletismo.es\/blog\/#\/schema\/logo\/image\/","url":"https:\/\/celtaatletismo.es\/blog\/wp-content\/uploads\/2018\/12\/logo-web-celta-atletismo-solo.png","contentUrl":"https:\/\/celtaatletismo.es\/blog\/wp-content\/uploads\/2018\/12\/logo-web-celta-atletismo-solo.png","width":555,"height":171,"caption":"Celta Atletismo"},"image":{"@id":"https:\/\/celtaatletismo.es\/blog\/#\/schema\/logo\/image\/"},"sameAs":["https:\/\/www.facebook.com\/Real-Club-Celta-de-Atletismo-Atletismo-Femenino-Celta-177005092323603\/","https:\/\/twitter.com\/CeltaAtletismo"]},{"@type":"Person","@id":"https:\/\/celtaatletismo.es\/blog\/#\/schema\/person\/0cc377de6986c44118882ce271368236","name":"Celta Atletismo","image":{"@type":"ImageObject","inLanguage":"es","@id":"https:\/\/celtaatletismo.es\/blog\/#\/schema\/person\/image\/","url":"https:\/\/secure.gravatar.com\/avatar\/eb683c7f17cacdb2eb6a21ccb376e679?s=96&d=mm&r=g","contentUrl":"https:\/\/secure.gravatar.com\/avatar\/eb683c7f17cacdb2eb6a21ccb376e679?s=96&d=mm&r=g","caption":"Celta Atletismo"},"url":"https:\/\/celtaatletismo.es\/blog\/author\/celta-atletismo\/"}]}},"_links":{"self":[{"href":"https:\/\/celtaatletismo.es\/blog\/wp-json\/wp\/v2\/posts\/5972"}],"collection":[{"href":"https:\/\/celtaatletismo.es\/blog\/wp-json\/wp\/v2\/posts"}],"about":[{"href":"https:\/\/celtaatletismo.es\/blog\/wp-json\/wp\/v2\/types\/post"}],"author":[{"embeddable":true,"href":"https:\/\/celtaatletismo.es\/blog\/wp-json\/wp\/v2\/users\/10"}],"replies":[{"embeddable":true,"href":"https:\/\/celtaatletismo.es\/blog\/wp-json\/wp\/v2\/comments?post=5972"}],"version-history":[{"count":14,"href":"https:\/\/celtaatletismo.es\/blog\/wp-json\/wp\/v2\/posts\/5972\/revisions"}],"predecessor-version":[{"id":6007,"href":"https:\/\/celtaatletismo.es\/blog\/wp-json\/wp\/v2\/posts\/5972\/revisions\/6007"}],"wp:featuredmedia":[{"embeddable":true,"href":"https:\/\/celtaatletismo.es\/blog\/wp-json\/wp\/v2\/media\/6003"}],"wp:attachment":[{"href":"https:\/\/celtaatletismo.es\/blog\/wp-json\/wp\/v2\/media?parent=5972"}],"wp:term":[{"taxonomy":"category","embeddable":true,"href":"https:\/\/celtaatletismo.es\/blog\/wp-json\/wp\/v2\/categories?post=5972"},{"taxonomy":"post_tag","embeddable":true,"href":"https:\/\/celtaatletismo.es\/blog\/wp-json\/wp\/v2\/tags?post=5972"}],"curies":[{"name":"wp","href":"https:\/\/api.w.org\/{rel}","templated":true}]}}