{"id":5735,"date":"2015-05-18T13:37:45","date_gmt":"2015-05-18T11:37:45","guid":{"rendered":"https:\/\/celtaatletismo.es\/blog\/?p=5735"},"modified":"2015-05-24T20:07:44","modified_gmt":"2015-05-24T18:07:44","slug":"siguiendo-la-pista-16","status":"publish","type":"post","link":"https:\/\/celtaatletismo.es\/blog\/siguiendo-la-pista-16\/","title":{"rendered":"SIGUIENDO LA PISTA"},"content":{"rendered":"<p>Tan solo una semana ha pasado desde que escrib\u00edamos sobre la 1\u00aa Jornada de Liga de Clubs y nos toca volver a hablar de una competici\u00f3n por clubs. En esta ocasi\u00f3n del <strong><span style=\"color: #008000;\"><a style=\"color: #008000;\" href=\"https:\/\/www.atletismogalego.com\/rjunior2015.pdf\">Campeonato Gallego de Clubs Junior<\/a><\/span><\/strong>\u00a0disputado en A Coru\u00f1a donde nuestro club presentaba tanto equipo masculino como femenino. No ha sido posible repetir los \u00e9xitos de a\u00f1os anteriores, siendo el equipo masculino 3\u00ba y el femenino 2\u00ba<span style=\"color: #ff0000;\"> (anteriormente hab\u00edamos publicado un 4\u00ba puesto, que una vez refrendados los resultados, y tras la correcci\u00f3n de los puntos del relevo largo, es finalmente un segundo puesto)<\/span>. Quienes si lograron el t\u00edtulo fueron las chicas de nuestros filiales del Vila de Cangas en Junior y del AVA en Cadete.<\/p>\n<p>El equipo masculino coloc\u00f3 entre los tres primeros de la prueba a buena parte de sus integrantes, aunque logrando solo la victoria en p\u00e9rtiga a cargo de <strong>Sergio Garc\u00eda<\/strong>. Pero los ceros en la marcha y en el relevo corto condicionaron una clasificaci\u00f3n final muy apretada. Segundos puestos para <strong>Pedro Juncal<\/strong> en 400, <strong>Xose Fern\u00e1ndez<\/strong> en 400 vallas, <strong>Marcos Rosende<\/strong> en 3000, <strong>Sergio Garc\u00eda<\/strong>\u00a0en Altura y <strong>Pablo Castro<\/strong> en Disco.<\/p>\n<p>Por parte femenina no hubo victorias parciales, si dos segundos puestos a cargo de <strong>Raquel Arias<\/strong> en 100 y <strong>Noa S\u00e1nchez<\/strong> en 400, adem\u00e1s de 4 terceros puestos; <strong>Laura Chapela<\/strong> en 200, <strong>Aida Mart\u00ednez<\/strong> en 800, <strong>Patricia Ver\u00f3nica Del Rio<\/strong> en 3000 y <strong>Paula Tenreiro<\/strong> en Peso. De nuevo los ceros en ambos relevos y en la marcha condicionaron su presencia en el podio, que acab\u00f3 m\u00e1s apretado si cabe que el masculino.<\/p>\n<p>El mismo domingo, en las pistas del campus universitario de Ourense se disput\u00f3 la <strong><span style=\"color: #008000;\"><a style=\"color: #008000;\" href=\"https:\/\/www.atletismogalego.com\/Resultados201415\/Ourense\/ro170515.pdf\">\u00abV Jornada Copa Deputaci\u00f3n\u00bb<\/a>\u00a0<\/span><\/strong>donde fueron varios los c\u00e9lticos y c\u00e9lticas participantes. Algunos buscando marcas que les permitieran ganarse un hueco en las pr\u00f3ximas convocatorias, otros tocando pruebas menos haituales, y tambi\u00e9n los que buscaban ir mejorando las marcas de la temporada. Destacamos a:<\/p>\n<p><strong>Gonzalo Basconcelo<\/strong> 1\u00ba en 600 m con 1.25.80 y 1\u00ba en 800 m con 1.54.93<\/p>\n<p><strong>Pablo Regadas<\/strong> 3\u00ba en 600 m con 1.33.59<\/p>\n<p><strong>Dario Soto<\/strong> 3\u00ba en 800 m con 2.00.71<\/p>\n<p><strong>Diego Ares<\/strong> 1\u00ba en Salto de Altura con 1.80<\/p>\n<p><strong>Jenny Fern\u00e1ndez<\/strong> 2\u00aa en 200 m con 26.16 y 1\u00aa en 600 m con 1.34.09<\/p>\n<p><strong>Emma Valencia<\/strong> 2\u00aa en 200 m con 26.83 y 1\u00aa en 400 m vallas con 1.07.74<\/p>\n<p><strong>Aitana Legui\u00e7ano<\/strong> 3\u00aa en 400 m vallas con 1.12.12<\/p>\n<p><strong>Desiree Rodr\u00edguez<\/strong> 2\u00aa en Salto de Altura con 1.20<\/p>\n<p>Tambi\u00e9n en la jornada de S\u00e1bado hubo un <span style=\"color: #008000;\"><strong><a style=\"color: #008000;\" href=\"https:\/\/www.atletismogalego.com\/Resultados201415\/Pontevedra\/rp150515.pdf\">control de marcha<\/a> <\/strong><\/span>en Cangas donde Christian Curopos fue 2\u00ba en los 5km con un tiempo de 22.24.40.<\/p>\n<p>&nbsp;<\/p>\n","protected":false},"excerpt":{"rendered":"<p>Tan solo una semana ha pasado desde que escrib\u00edamos sobre la 1\u00aa Jornada de Liga de Clubs y nos toca volver a hablar de una competici\u00f3n por clubs. En esta ocasi\u00f3n del Campeonato Gallego de Clubs Junior\u00a0disputado en A Coru\u00f1a donde nuestro club presentaba tanto equipo masculino como femenino. No ha sido posible repetir los [&hellip;]<\/p>\n","protected":false},"author":10,"featured_media":5809,"comment_status":"closed","ping_status":"closed","sticky":false,"template":"","format":"standard","meta":{"_monsterinsights_skip_tracking":false,"_monsterinsights_sitenote_active":false,"_monsterinsights_sitenote_note":"","_monsterinsights_sitenote_category":0},"categories":[536,552],"tags":[],"yoast_head":"<!-- This site is optimized with the Yoast SEO plugin v20.9 - https:\/\/yoast.com\/wordpress\/plugins\/seo\/ -->\n<title>SIGUIENDO LA PISTA - Celta Atletismo<\/title>\n<meta name=\"robots\" content=\"index, follow, max-snippet:-1, max-image-preview:large, max-video-preview:-1\" \/>\n<link rel=\"canonical\" href=\"https:\/\/celtaatletismo.es\/blog\/siguiendo-la-pista-16\/\" \/>\n<meta property=\"og:locale\" content=\"es_ES\" \/>\n<meta property=\"og:type\" content=\"article\" \/>\n<meta property=\"og:title\" content=\"SIGUIENDO LA PISTA - Celta Atletismo\" \/>\n<meta property=\"og:description\" content=\"Tan solo una semana ha pasado desde que escrib\u00edamos sobre la 1\u00aa Jornada de Liga de Clubs y nos toca volver a hablar de una competici\u00f3n por clubs. En esta ocasi\u00f3n del Campeonato Gallego de Clubs Junior\u00a0disputado en A Coru\u00f1a donde nuestro club presentaba tanto equipo masculino como femenino. No ha sido posible repetir los [&hellip;]\" \/>\n<meta property=\"og:url\" content=\"https:\/\/celtaatletismo.es\/blog\/siguiendo-la-pista-16\/\" \/>\n<meta property=\"og:site_name\" content=\"Celta Atletismo\" \/>\n<meta property=\"article:publisher\" content=\"https:\/\/www.facebook.com\/Real-Club-Celta-de-Atletismo-Atletismo-Femenino-Celta-177005092323603\/\" \/>\n<meta property=\"article:published_time\" content=\"2015-05-18T11:37:45+00:00\" \/>\n<meta property=\"article:modified_time\" content=\"2015-05-24T18:07:44+00:00\" \/>\n<meta property=\"og:image\" content=\"https:\/\/celtaatletismo.es\/blog\/wp-content\/uploads\/2015\/05\/IMG-20150522-WA0005.jpg\" \/>\n\t<meta property=\"og:image:width\" content=\"1068\" \/>\n\t<meta property=\"og:image:height\" content=\"529\" \/>\n\t<meta property=\"og:image:type\" content=\"image\/jpeg\" \/>\n<meta name=\"author\" content=\"Celta Atletismo\" \/>\n<meta name=\"twitter:card\" content=\"summary_large_image\" \/>\n<meta name=\"twitter:creator\" content=\"@CeltaAtletismo\" \/>\n<meta name=\"twitter:site\" content=\"@CeltaAtletismo\" \/>\n<meta name=\"twitter:label1\" content=\"Escrito por\" \/>\n\t<meta name=\"twitter:data1\" content=\"Celta Atletismo\" \/>\n\t<meta name=\"twitter:label2\" content=\"Tiempo de lectura\" \/>\n\t<meta name=\"twitter:data2\" content=\"2 minutos\" \/>\n<script type=\"application\/ld+json\" class=\"yoast-schema-graph\">{\"@context\":\"https:\/\/schema.org\",\"@graph\":[{\"@type\":\"Article\",\"@id\":\"https:\/\/celtaatletismo.es\/blog\/siguiendo-la-pista-16\/#article\",\"isPartOf\":{\"@id\":\"https:\/\/celtaatletismo.es\/blog\/siguiendo-la-pista-16\/\"},\"author\":{\"name\":\"Celta Atletismo\",\"@id\":\"https:\/\/celtaatletismo.es\/blog\/#\/schema\/person\/0cc377de6986c44118882ce271368236\"},\"headline\":\"SIGUIENDO LA PISTA\",\"datePublished\":\"2015-05-18T11:37:45+00:00\",\"dateModified\":\"2015-05-24T18:07:44+00:00\",\"mainEntityOfPage\":{\"@id\":\"https:\/\/celtaatletismo.es\/blog\/siguiendo-la-pista-16\/\"},\"wordCount\":421,\"publisher\":{\"@id\":\"https:\/\/celtaatletismo.es\/blog\/#organization\"},\"articleSection\":[\"Competiciones\",\"Resultados\"],\"inLanguage\":\"es\"},{\"@type\":\"WebPage\",\"@id\":\"https:\/\/celtaatletismo.es\/blog\/siguiendo-la-pista-16\/\",\"url\":\"https:\/\/celtaatletismo.es\/blog\/siguiendo-la-pista-16\/\",\"name\":\"SIGUIENDO LA PISTA - Celta Atletismo\",\"isPartOf\":{\"@id\":\"https:\/\/celtaatletismo.es\/blog\/#website\"},\"datePublished\":\"2015-05-18T11:37:45+00:00\",\"dateModified\":\"2015-05-24T18:07:44+00:00\",\"breadcrumb\":{\"@id\":\"https:\/\/celtaatletismo.es\/blog\/siguiendo-la-pista-16\/#breadcrumb\"},\"inLanguage\":\"es\",\"potentialAction\":[{\"@type\":\"ReadAction\",\"target\":[\"https:\/\/celtaatletismo.es\/blog\/siguiendo-la-pista-16\/\"]}]},{\"@type\":\"BreadcrumbList\",\"@id\":\"https:\/\/celtaatletismo.es\/blog\/siguiendo-la-pista-16\/#breadcrumb\",\"itemListElement\":[{\"@type\":\"ListItem\",\"position\":1,\"name\":\"Portada\",\"item\":\"https:\/\/celtaatletismo.es\/blog\/\"},{\"@type\":\"ListItem\",\"position\":2,\"name\":\"SIGUIENDO LA PISTA\"}]},{\"@type\":\"WebSite\",\"@id\":\"https:\/\/celtaatletismo.es\/blog\/#website\",\"url\":\"https:\/\/celtaatletismo.es\/blog\/\",\"name\":\"Celta Atletismo\",\"description\":\"Web oficial del Real Club Celta Atletismo y del Club Atletismo Femenino Celta\",\"publisher\":{\"@id\":\"https:\/\/celtaatletismo.es\/blog\/#organization\"},\"potentialAction\":[{\"@type\":\"SearchAction\",\"target\":{\"@type\":\"EntryPoint\",\"urlTemplate\":\"https:\/\/celtaatletismo.es\/blog\/?s={search_term_string}\"},\"query-input\":\"required name=search_term_string\"}],\"inLanguage\":\"es\"},{\"@type\":\"Organization\",\"@id\":\"https:\/\/celtaatletismo.es\/blog\/#organization\",\"name\":\"Celta Atletismo\",\"url\":\"https:\/\/celtaatletismo.es\/blog\/\",\"logo\":{\"@type\":\"ImageObject\",\"inLanguage\":\"es\",\"@id\":\"https:\/\/celtaatletismo.es\/blog\/#\/schema\/logo\/image\/\",\"url\":\"https:\/\/celtaatletismo.es\/blog\/wp-content\/uploads\/2018\/12\/logo-web-celta-atletismo-solo.png\",\"contentUrl\":\"https:\/\/celtaatletismo.es\/blog\/wp-content\/uploads\/2018\/12\/logo-web-celta-atletismo-solo.png\",\"width\":555,\"height\":171,\"caption\":\"Celta Atletismo\"},\"image\":{\"@id\":\"https:\/\/celtaatletismo.es\/blog\/#\/schema\/logo\/image\/\"},\"sameAs\":[\"https:\/\/www.facebook.com\/Real-Club-Celta-de-Atletismo-Atletismo-Femenino-Celta-177005092323603\/\",\"https:\/\/twitter.com\/CeltaAtletismo\"]},{\"@type\":\"Person\",\"@id\":\"https:\/\/celtaatletismo.es\/blog\/#\/schema\/person\/0cc377de6986c44118882ce271368236\",\"name\":\"Celta Atletismo\",\"image\":{\"@type\":\"ImageObject\",\"inLanguage\":\"es\",\"@id\":\"https:\/\/celtaatletismo.es\/blog\/#\/schema\/person\/image\/\",\"url\":\"https:\/\/secure.gravatar.com\/avatar\/eb683c7f17cacdb2eb6a21ccb376e679?s=96&d=mm&r=g\",\"contentUrl\":\"https:\/\/secure.gravatar.com\/avatar\/eb683c7f17cacdb2eb6a21ccb376e679?s=96&d=mm&r=g\",\"caption\":\"Celta Atletismo\"},\"url\":\"https:\/\/celtaatletismo.es\/blog\/author\/celta-atletismo\/\"}]}<\/script>\n<!-- \/ Yoast SEO plugin. -->","yoast_head_json":{"title":"SIGUIENDO LA PISTA - Celta Atletismo","robots":{"index":"index","follow":"follow","max-snippet":"max-snippet:-1","max-image-preview":"max-image-preview:large","max-video-preview":"max-video-preview:-1"},"canonical":"https:\/\/celtaatletismo.es\/blog\/siguiendo-la-pista-16\/","og_locale":"es_ES","og_type":"article","og_title":"SIGUIENDO LA PISTA - Celta Atletismo","og_description":"Tan solo una semana ha pasado desde que escrib\u00edamos sobre la 1\u00aa Jornada de Liga de Clubs y nos toca volver a hablar de una competici\u00f3n por clubs. En esta ocasi\u00f3n del Campeonato Gallego de Clubs Junior\u00a0disputado en A Coru\u00f1a donde nuestro club presentaba tanto equipo masculino como femenino. No ha sido posible repetir los [&hellip;]","og_url":"https:\/\/celtaatletismo.es\/blog\/siguiendo-la-pista-16\/","og_site_name":"Celta Atletismo","article_publisher":"https:\/\/www.facebook.com\/Real-Club-Celta-de-Atletismo-Atletismo-Femenino-Celta-177005092323603\/","article_published_time":"2015-05-18T11:37:45+00:00","article_modified_time":"2015-05-24T18:07:44+00:00","og_image":[{"width":1068,"height":529,"url":"https:\/\/celtaatletismo.es\/blog\/wp-content\/uploads\/2015\/05\/IMG-20150522-WA0005.jpg","type":"image\/jpeg"}],"author":"Celta Atletismo","twitter_card":"summary_large_image","twitter_creator":"@CeltaAtletismo","twitter_site":"@CeltaAtletismo","twitter_misc":{"Escrito por":"Celta Atletismo","Tiempo de lectura":"2 minutos"},"schema":{"@context":"https:\/\/schema.org","@graph":[{"@type":"Article","@id":"https:\/\/celtaatletismo.es\/blog\/siguiendo-la-pista-16\/#article","isPartOf":{"@id":"https:\/\/celtaatletismo.es\/blog\/siguiendo-la-pista-16\/"},"author":{"name":"Celta Atletismo","@id":"https:\/\/celtaatletismo.es\/blog\/#\/schema\/person\/0cc377de6986c44118882ce271368236"},"headline":"SIGUIENDO LA PISTA","datePublished":"2015-05-18T11:37:45+00:00","dateModified":"2015-05-24T18:07:44+00:00","mainEntityOfPage":{"@id":"https:\/\/celtaatletismo.es\/blog\/siguiendo-la-pista-16\/"},"wordCount":421,"publisher":{"@id":"https:\/\/celtaatletismo.es\/blog\/#organization"},"articleSection":["Competiciones","Resultados"],"inLanguage":"es"},{"@type":"WebPage","@id":"https:\/\/celtaatletismo.es\/blog\/siguiendo-la-pista-16\/","url":"https:\/\/celtaatletismo.es\/blog\/siguiendo-la-pista-16\/","name":"SIGUIENDO LA PISTA - Celta Atletismo","isPartOf":{"@id":"https:\/\/celtaatletismo.es\/blog\/#website"},"datePublished":"2015-05-18T11:37:45+00:00","dateModified":"2015-05-24T18:07:44+00:00","breadcrumb":{"@id":"https:\/\/celtaatletismo.es\/blog\/siguiendo-la-pista-16\/#breadcrumb"},"inLanguage":"es","potentialAction":[{"@type":"ReadAction","target":["https:\/\/celtaatletismo.es\/blog\/siguiendo-la-pista-16\/"]}]},{"@type":"BreadcrumbList","@id":"https:\/\/celtaatletismo.es\/blog\/siguiendo-la-pista-16\/#breadcrumb","itemListElement":[{"@type":"ListItem","position":1,"name":"Portada","item":"https:\/\/celtaatletismo.es\/blog\/"},{"@type":"ListItem","position":2,"name":"SIGUIENDO LA PISTA"}]},{"@type":"WebSite","@id":"https:\/\/celtaatletismo.es\/blog\/#website","url":"https:\/\/celtaatletismo.es\/blog\/","name":"Celta Atletismo","description":"Web oficial del Real Club Celta Atletismo y del Club Atletismo Femenino Celta","publisher":{"@id":"https:\/\/celtaatletismo.es\/blog\/#organization"},"potentialAction":[{"@type":"SearchAction","target":{"@type":"EntryPoint","urlTemplate":"https:\/\/celtaatletismo.es\/blog\/?s={search_term_string}"},"query-input":"required name=search_term_string"}],"inLanguage":"es"},{"@type":"Organization","@id":"https:\/\/celtaatletismo.es\/blog\/#organization","name":"Celta Atletismo","url":"https:\/\/celtaatletismo.es\/blog\/","logo":{"@type":"ImageObject","inLanguage":"es","@id":"https:\/\/celtaatletismo.es\/blog\/#\/schema\/logo\/image\/","url":"https:\/\/celtaatletismo.es\/blog\/wp-content\/uploads\/2018\/12\/logo-web-celta-atletismo-solo.png","contentUrl":"https:\/\/celtaatletismo.es\/blog\/wp-content\/uploads\/2018\/12\/logo-web-celta-atletismo-solo.png","width":555,"height":171,"caption":"Celta Atletismo"},"image":{"@id":"https:\/\/celtaatletismo.es\/blog\/#\/schema\/logo\/image\/"},"sameAs":["https:\/\/www.facebook.com\/Real-Club-Celta-de-Atletismo-Atletismo-Femenino-Celta-177005092323603\/","https:\/\/twitter.com\/CeltaAtletismo"]},{"@type":"Person","@id":"https:\/\/celtaatletismo.es\/blog\/#\/schema\/person\/0cc377de6986c44118882ce271368236","name":"Celta Atletismo","image":{"@type":"ImageObject","inLanguage":"es","@id":"https:\/\/celtaatletismo.es\/blog\/#\/schema\/person\/image\/","url":"https:\/\/secure.gravatar.com\/avatar\/eb683c7f17cacdb2eb6a21ccb376e679?s=96&d=mm&r=g","contentUrl":"https:\/\/secure.gravatar.com\/avatar\/eb683c7f17cacdb2eb6a21ccb376e679?s=96&d=mm&r=g","caption":"Celta Atletismo"},"url":"https:\/\/celtaatletismo.es\/blog\/author\/celta-atletismo\/"}]}},"_links":{"self":[{"href":"https:\/\/celtaatletismo.es\/blog\/wp-json\/wp\/v2\/posts\/5735"}],"collection":[{"href":"https:\/\/celtaatletismo.es\/blog\/wp-json\/wp\/v2\/posts"}],"about":[{"href":"https:\/\/celtaatletismo.es\/blog\/wp-json\/wp\/v2\/types\/post"}],"author":[{"embeddable":true,"href":"https:\/\/celtaatletismo.es\/blog\/wp-json\/wp\/v2\/users\/10"}],"replies":[{"embeddable":true,"href":"https:\/\/celtaatletismo.es\/blog\/wp-json\/wp\/v2\/comments?post=5735"}],"version-history":[{"count":5,"href":"https:\/\/celtaatletismo.es\/blog\/wp-json\/wp\/v2\/posts\/5735\/revisions"}],"predecessor-version":[{"id":5829,"href":"https:\/\/celtaatletismo.es\/blog\/wp-json\/wp\/v2\/posts\/5735\/revisions\/5829"}],"wp:featuredmedia":[{"embeddable":true,"href":"https:\/\/celtaatletismo.es\/blog\/wp-json\/wp\/v2\/media\/5809"}],"wp:attachment":[{"href":"https:\/\/celtaatletismo.es\/blog\/wp-json\/wp\/v2\/media?parent=5735"}],"wp:term":[{"taxonomy":"category","embeddable":true,"href":"https:\/\/celtaatletismo.es\/blog\/wp-json\/wp\/v2\/categories?post=5735"},{"taxonomy":"post_tag","embeddable":true,"href":"https:\/\/celtaatletismo.es\/blog\/wp-json\/wp\/v2\/tags?post=5735"}],"curies":[{"name":"wp","href":"https:\/\/api.w.org\/{rel}","templated":true}]}}