{"id":2924,"date":"2011-07-11T10:57:49","date_gmt":"2011-07-11T09:57:49","guid":{"rendered":"https:\/\/celtaatletismo.es\/blog\/blog\/?p=2924"},"modified":"2011-07-11T10:57:49","modified_gmt":"2011-07-11T09:57:49","slug":"mundial-juvenil-gonzalo-basconcelo-undecimo","status":"publish","type":"post","link":"https:\/\/celtaatletismo.es\/blog\/mundial-juvenil-gonzalo-basconcelo-undecimo\/","title":{"rendered":"MUNDIAL JUVENIL : GONZALO BASCONCELO, UNDECIMO"},"content":{"rendered":"<p style=\"text-align: center;\"><img decoding=\"async\" loading=\"lazy\" class=\"aligncenter\" src=\"https:\/\/fotos.subefotos.com\/a3d214e68c65d2343744282402fa7fc6o.jpg\" alt=\"\" width=\"483\" height=\"323\" \/><\/p>\n<p>Salvada brillantemente la eliminatoria de 2.000 m. obst\u00e1culos con su crono de 5.50,03 nuevo r\u00e9cord juvenil de Galicia y mejorando su personal en 6 segundos, al c\u00e9ltico <strong>Gonzalo Basconcelo<\/strong> le correspondi\u00f3 disputar la final en los mundiales de Lille el pasado viernes, dia 8.<br \/>\nFue una dura prueba con 7 africanos entre los 12 finalistas, pasando el keniata <strong>Gilbert Kiplangat<\/strong> en cabeza la mitad de la carrera, los 1.000 metros, en 2.37,33 es decir ritmo para un tiempo final de 5.14,66 que seria r\u00e9cord mundial (en poder del marroqu\u00ed <strong>Nabil Ouhaddi<\/strong> con 5.21,36 del 2006 en Zurich). Por su parte, Basconcelo pas\u00f3 este tramo en 2.50 ritmo para 5.40 muy r\u00e1pido para \u00e9l, tambi\u00e9n, y lo acusar\u00eda en la segunda parte de la carrera, mientras que Kiplangat acabar\u00eda 2\u00ba en 5.30 49 detr\u00e1s de su compatriota <strong>Conseslius Kipruto<\/strong> en 5.28,65.<br \/>\nGonzalo terminar\u00eda en el 11\u00ba lugar y pen\u00faltimo de la final en un tiempo de 6.00,24, cumpliendo asi su gran objetivo : disputar la final mundial.<br \/>\nFelicitemos, por tanto, a nuestro magnifico atleta y a su entrenador, <strong>Alfonso Ortega<\/strong>, por todo lo realizado.<br \/>\nY tambi\u00e9n a la atleta de la Atl\u00e9tica Barbanza, <strong>Ana Peleteiro<\/strong>, medalla de bronce en el triple salto con 12,92 m., la primera que Galicia consigue en los campeonatos mundiales juveniles, uni\u00e9ndose a las cinco ya logradas anteriormente por Espa\u00f1a en la historia del certamen.<\/p>\n","protected":false},"excerpt":{"rendered":"<p>Salvada brillantemente la eliminatoria de 2.000 m. obst\u00e1culos con su crono de 5.50,03 nuevo r\u00e9cord juvenil de Galicia y mejorando su personal en 6 segundos, al c\u00e9ltico Gonzalo Basconcelo le correspondi\u00f3 disputar la final en los mundiales de Lille el pasado viernes, dia 8. Fue una dura prueba con 7 africanos entre los 12 finalistas, [&hellip;]<\/p>\n","protected":false},"author":10,"featured_media":0,"comment_status":"open","ping_status":"closed","sticky":false,"template":"","format":"standard","meta":{"_monsterinsights_skip_tracking":false,"_monsterinsights_sitenote_active":false,"_monsterinsights_sitenote_note":"","_monsterinsights_sitenote_category":0},"categories":[1],"tags":[],"yoast_head":"<!-- This site is optimized with the Yoast SEO plugin v20.9 - https:\/\/yoast.com\/wordpress\/plugins\/seo\/ -->\n<title>MUNDIAL JUVENIL : GONZALO BASCONCELO, UNDECIMO - Celta Atletismo<\/title>\n<meta name=\"robots\" content=\"index, follow, max-snippet:-1, max-image-preview:large, max-video-preview:-1\" \/>\n<link rel=\"canonical\" href=\"https:\/\/celtaatletismo.es\/blog\/mundial-juvenil-gonzalo-basconcelo-undecimo\/\" \/>\n<meta property=\"og:locale\" content=\"es_ES\" \/>\n<meta property=\"og:type\" content=\"article\" \/>\n<meta property=\"og:title\" content=\"MUNDIAL JUVENIL : GONZALO BASCONCELO, UNDECIMO - Celta Atletismo\" \/>\n<meta property=\"og:description\" content=\"Salvada brillantemente la eliminatoria de 2.000 m. obst\u00e1culos con su crono de 5.50,03 nuevo r\u00e9cord juvenil de Galicia y mejorando su personal en 6 segundos, al c\u00e9ltico Gonzalo Basconcelo le correspondi\u00f3 disputar la final en los mundiales de Lille el pasado viernes, dia 8. Fue una dura prueba con 7 africanos entre los 12 finalistas, [&hellip;]\" \/>\n<meta property=\"og:url\" content=\"https:\/\/celtaatletismo.es\/blog\/mundial-juvenil-gonzalo-basconcelo-undecimo\/\" \/>\n<meta property=\"og:site_name\" content=\"Celta Atletismo\" \/>\n<meta property=\"article:publisher\" content=\"https:\/\/www.facebook.com\/Real-Club-Celta-de-Atletismo-Atletismo-Femenino-Celta-177005092323603\/\" \/>\n<meta property=\"article:published_time\" content=\"2011-07-11T09:57:49+00:00\" \/>\n<meta property=\"og:image\" content=\"https:\/\/fotos.subefotos.com\/a3d214e68c65d2343744282402fa7fc6o.jpg\" \/>\n<meta name=\"author\" content=\"Celta Atletismo\" \/>\n<meta name=\"twitter:card\" content=\"summary_large_image\" \/>\n<meta name=\"twitter:creator\" content=\"@CeltaAtletismo\" \/>\n<meta name=\"twitter:site\" content=\"@CeltaAtletismo\" \/>\n<meta name=\"twitter:label1\" content=\"Escrito por\" \/>\n\t<meta name=\"twitter:data1\" content=\"Celta Atletismo\" \/>\n\t<meta name=\"twitter:label2\" content=\"Tiempo de lectura\" \/>\n\t<meta name=\"twitter:data2\" content=\"1 minuto\" \/>\n<script type=\"application\/ld+json\" class=\"yoast-schema-graph\">{\"@context\":\"https:\/\/schema.org\",\"@graph\":[{\"@type\":\"Article\",\"@id\":\"https:\/\/celtaatletismo.es\/blog\/mundial-juvenil-gonzalo-basconcelo-undecimo\/#article\",\"isPartOf\":{\"@id\":\"https:\/\/celtaatletismo.es\/blog\/mundial-juvenil-gonzalo-basconcelo-undecimo\/\"},\"author\":{\"name\":\"Celta Atletismo\",\"@id\":\"https:\/\/celtaatletismo.es\/blog\/#\/schema\/person\/0cc377de6986c44118882ce271368236\"},\"headline\":\"MUNDIAL JUVENIL : GONZALO BASCONCELO, UNDECIMO\",\"datePublished\":\"2011-07-11T09:57:49+00:00\",\"dateModified\":\"2011-07-11T09:57:49+00:00\",\"mainEntityOfPage\":{\"@id\":\"https:\/\/celtaatletismo.es\/blog\/mundial-juvenil-gonzalo-basconcelo-undecimo\/\"},\"wordCount\":227,\"commentCount\":0,\"publisher\":{\"@id\":\"https:\/\/celtaatletismo.es\/blog\/#organization\"},\"articleSection\":[\"Actualidade\"],\"inLanguage\":\"es\",\"potentialAction\":[{\"@type\":\"CommentAction\",\"name\":\"Comment\",\"target\":[\"https:\/\/celtaatletismo.es\/blog\/mundial-juvenil-gonzalo-basconcelo-undecimo\/#respond\"]}]},{\"@type\":\"WebPage\",\"@id\":\"https:\/\/celtaatletismo.es\/blog\/mundial-juvenil-gonzalo-basconcelo-undecimo\/\",\"url\":\"https:\/\/celtaatletismo.es\/blog\/mundial-juvenil-gonzalo-basconcelo-undecimo\/\",\"name\":\"MUNDIAL JUVENIL : GONZALO BASCONCELO, UNDECIMO - Celta Atletismo\",\"isPartOf\":{\"@id\":\"https:\/\/celtaatletismo.es\/blog\/#website\"},\"datePublished\":\"2011-07-11T09:57:49+00:00\",\"dateModified\":\"2011-07-11T09:57:49+00:00\",\"breadcrumb\":{\"@id\":\"https:\/\/celtaatletismo.es\/blog\/mundial-juvenil-gonzalo-basconcelo-undecimo\/#breadcrumb\"},\"inLanguage\":\"es\",\"potentialAction\":[{\"@type\":\"ReadAction\",\"target\":[\"https:\/\/celtaatletismo.es\/blog\/mundial-juvenil-gonzalo-basconcelo-undecimo\/\"]}]},{\"@type\":\"BreadcrumbList\",\"@id\":\"https:\/\/celtaatletismo.es\/blog\/mundial-juvenil-gonzalo-basconcelo-undecimo\/#breadcrumb\",\"itemListElement\":[{\"@type\":\"ListItem\",\"position\":1,\"name\":\"Portada\",\"item\":\"https:\/\/celtaatletismo.es\/blog\/\"},{\"@type\":\"ListItem\",\"position\":2,\"name\":\"MUNDIAL JUVENIL : GONZALO BASCONCELO, UNDECIMO\"}]},{\"@type\":\"WebSite\",\"@id\":\"https:\/\/celtaatletismo.es\/blog\/#website\",\"url\":\"https:\/\/celtaatletismo.es\/blog\/\",\"name\":\"Celta Atletismo\",\"description\":\"Web oficial del Real Club Celta Atletismo y del Club Atletismo Femenino Celta\",\"publisher\":{\"@id\":\"https:\/\/celtaatletismo.es\/blog\/#organization\"},\"potentialAction\":[{\"@type\":\"SearchAction\",\"target\":{\"@type\":\"EntryPoint\",\"urlTemplate\":\"https:\/\/celtaatletismo.es\/blog\/?s={search_term_string}\"},\"query-input\":\"required name=search_term_string\"}],\"inLanguage\":\"es\"},{\"@type\":\"Organization\",\"@id\":\"https:\/\/celtaatletismo.es\/blog\/#organization\",\"name\":\"Celta Atletismo\",\"url\":\"https:\/\/celtaatletismo.es\/blog\/\",\"logo\":{\"@type\":\"ImageObject\",\"inLanguage\":\"es\",\"@id\":\"https:\/\/celtaatletismo.es\/blog\/#\/schema\/logo\/image\/\",\"url\":\"https:\/\/celtaatletismo.es\/blog\/wp-content\/uploads\/2018\/12\/logo-web-celta-atletismo-solo.png\",\"contentUrl\":\"https:\/\/celtaatletismo.es\/blog\/wp-content\/uploads\/2018\/12\/logo-web-celta-atletismo-solo.png\",\"width\":555,\"height\":171,\"caption\":\"Celta Atletismo\"},\"image\":{\"@id\":\"https:\/\/celtaatletismo.es\/blog\/#\/schema\/logo\/image\/\"},\"sameAs\":[\"https:\/\/www.facebook.com\/Real-Club-Celta-de-Atletismo-Atletismo-Femenino-Celta-177005092323603\/\",\"https:\/\/twitter.com\/CeltaAtletismo\"]},{\"@type\":\"Person\",\"@id\":\"https:\/\/celtaatletismo.es\/blog\/#\/schema\/person\/0cc377de6986c44118882ce271368236\",\"name\":\"Celta Atletismo\",\"image\":{\"@type\":\"ImageObject\",\"inLanguage\":\"es\",\"@id\":\"https:\/\/celtaatletismo.es\/blog\/#\/schema\/person\/image\/\",\"url\":\"https:\/\/secure.gravatar.com\/avatar\/eb683c7f17cacdb2eb6a21ccb376e679?s=96&d=mm&r=g\",\"contentUrl\":\"https:\/\/secure.gravatar.com\/avatar\/eb683c7f17cacdb2eb6a21ccb376e679?s=96&d=mm&r=g\",\"caption\":\"Celta Atletismo\"},\"url\":\"https:\/\/celtaatletismo.es\/blog\/author\/celta-atletismo\/\"}]}<\/script>\n<!-- \/ Yoast SEO plugin. -->","yoast_head_json":{"title":"MUNDIAL JUVENIL : GONZALO BASCONCELO, UNDECIMO - Celta Atletismo","robots":{"index":"index","follow":"follow","max-snippet":"max-snippet:-1","max-image-preview":"max-image-preview:large","max-video-preview":"max-video-preview:-1"},"canonical":"https:\/\/celtaatletismo.es\/blog\/mundial-juvenil-gonzalo-basconcelo-undecimo\/","og_locale":"es_ES","og_type":"article","og_title":"MUNDIAL JUVENIL : GONZALO BASCONCELO, UNDECIMO - Celta Atletismo","og_description":"Salvada brillantemente la eliminatoria de 2.000 m. obst\u00e1culos con su crono de 5.50,03 nuevo r\u00e9cord juvenil de Galicia y mejorando su personal en 6 segundos, al c\u00e9ltico Gonzalo Basconcelo le correspondi\u00f3 disputar la final en los mundiales de Lille el pasado viernes, dia 8. Fue una dura prueba con 7 africanos entre los 12 finalistas, [&hellip;]","og_url":"https:\/\/celtaatletismo.es\/blog\/mundial-juvenil-gonzalo-basconcelo-undecimo\/","og_site_name":"Celta Atletismo","article_publisher":"https:\/\/www.facebook.com\/Real-Club-Celta-de-Atletismo-Atletismo-Femenino-Celta-177005092323603\/","article_published_time":"2011-07-11T09:57:49+00:00","og_image":[{"url":"https:\/\/fotos.subefotos.com\/a3d214e68c65d2343744282402fa7fc6o.jpg"}],"author":"Celta Atletismo","twitter_card":"summary_large_image","twitter_creator":"@CeltaAtletismo","twitter_site":"@CeltaAtletismo","twitter_misc":{"Escrito por":"Celta Atletismo","Tiempo de lectura":"1 minuto"},"schema":{"@context":"https:\/\/schema.org","@graph":[{"@type":"Article","@id":"https:\/\/celtaatletismo.es\/blog\/mundial-juvenil-gonzalo-basconcelo-undecimo\/#article","isPartOf":{"@id":"https:\/\/celtaatletismo.es\/blog\/mundial-juvenil-gonzalo-basconcelo-undecimo\/"},"author":{"name":"Celta Atletismo","@id":"https:\/\/celtaatletismo.es\/blog\/#\/schema\/person\/0cc377de6986c44118882ce271368236"},"headline":"MUNDIAL JUVENIL : GONZALO BASCONCELO, UNDECIMO","datePublished":"2011-07-11T09:57:49+00:00","dateModified":"2011-07-11T09:57:49+00:00","mainEntityOfPage":{"@id":"https:\/\/celtaatletismo.es\/blog\/mundial-juvenil-gonzalo-basconcelo-undecimo\/"},"wordCount":227,"commentCount":0,"publisher":{"@id":"https:\/\/celtaatletismo.es\/blog\/#organization"},"articleSection":["Actualidade"],"inLanguage":"es","potentialAction":[{"@type":"CommentAction","name":"Comment","target":["https:\/\/celtaatletismo.es\/blog\/mundial-juvenil-gonzalo-basconcelo-undecimo\/#respond"]}]},{"@type":"WebPage","@id":"https:\/\/celtaatletismo.es\/blog\/mundial-juvenil-gonzalo-basconcelo-undecimo\/","url":"https:\/\/celtaatletismo.es\/blog\/mundial-juvenil-gonzalo-basconcelo-undecimo\/","name":"MUNDIAL JUVENIL : GONZALO BASCONCELO, UNDECIMO - Celta Atletismo","isPartOf":{"@id":"https:\/\/celtaatletismo.es\/blog\/#website"},"datePublished":"2011-07-11T09:57:49+00:00","dateModified":"2011-07-11T09:57:49+00:00","breadcrumb":{"@id":"https:\/\/celtaatletismo.es\/blog\/mundial-juvenil-gonzalo-basconcelo-undecimo\/#breadcrumb"},"inLanguage":"es","potentialAction":[{"@type":"ReadAction","target":["https:\/\/celtaatletismo.es\/blog\/mundial-juvenil-gonzalo-basconcelo-undecimo\/"]}]},{"@type":"BreadcrumbList","@id":"https:\/\/celtaatletismo.es\/blog\/mundial-juvenil-gonzalo-basconcelo-undecimo\/#breadcrumb","itemListElement":[{"@type":"ListItem","position":1,"name":"Portada","item":"https:\/\/celtaatletismo.es\/blog\/"},{"@type":"ListItem","position":2,"name":"MUNDIAL JUVENIL : GONZALO BASCONCELO, UNDECIMO"}]},{"@type":"WebSite","@id":"https:\/\/celtaatletismo.es\/blog\/#website","url":"https:\/\/celtaatletismo.es\/blog\/","name":"Celta Atletismo","description":"Web oficial del Real Club Celta Atletismo y del Club Atletismo Femenino Celta","publisher":{"@id":"https:\/\/celtaatletismo.es\/blog\/#organization"},"potentialAction":[{"@type":"SearchAction","target":{"@type":"EntryPoint","urlTemplate":"https:\/\/celtaatletismo.es\/blog\/?s={search_term_string}"},"query-input":"required name=search_term_string"}],"inLanguage":"es"},{"@type":"Organization","@id":"https:\/\/celtaatletismo.es\/blog\/#organization","name":"Celta Atletismo","url":"https:\/\/celtaatletismo.es\/blog\/","logo":{"@type":"ImageObject","inLanguage":"es","@id":"https:\/\/celtaatletismo.es\/blog\/#\/schema\/logo\/image\/","url":"https:\/\/celtaatletismo.es\/blog\/wp-content\/uploads\/2018\/12\/logo-web-celta-atletismo-solo.png","contentUrl":"https:\/\/celtaatletismo.es\/blog\/wp-content\/uploads\/2018\/12\/logo-web-celta-atletismo-solo.png","width":555,"height":171,"caption":"Celta Atletismo"},"image":{"@id":"https:\/\/celtaatletismo.es\/blog\/#\/schema\/logo\/image\/"},"sameAs":["https:\/\/www.facebook.com\/Real-Club-Celta-de-Atletismo-Atletismo-Femenino-Celta-177005092323603\/","https:\/\/twitter.com\/CeltaAtletismo"]},{"@type":"Person","@id":"https:\/\/celtaatletismo.es\/blog\/#\/schema\/person\/0cc377de6986c44118882ce271368236","name":"Celta Atletismo","image":{"@type":"ImageObject","inLanguage":"es","@id":"https:\/\/celtaatletismo.es\/blog\/#\/schema\/person\/image\/","url":"https:\/\/secure.gravatar.com\/avatar\/eb683c7f17cacdb2eb6a21ccb376e679?s=96&d=mm&r=g","contentUrl":"https:\/\/secure.gravatar.com\/avatar\/eb683c7f17cacdb2eb6a21ccb376e679?s=96&d=mm&r=g","caption":"Celta Atletismo"},"url":"https:\/\/celtaatletismo.es\/blog\/author\/celta-atletismo\/"}]}},"_links":{"self":[{"href":"https:\/\/celtaatletismo.es\/blog\/wp-json\/wp\/v2\/posts\/2924"}],"collection":[{"href":"https:\/\/celtaatletismo.es\/blog\/wp-json\/wp\/v2\/posts"}],"about":[{"href":"https:\/\/celtaatletismo.es\/blog\/wp-json\/wp\/v2\/types\/post"}],"author":[{"embeddable":true,"href":"https:\/\/celtaatletismo.es\/blog\/wp-json\/wp\/v2\/users\/10"}],"replies":[{"embeddable":true,"href":"https:\/\/celtaatletismo.es\/blog\/wp-json\/wp\/v2\/comments?post=2924"}],"version-history":[{"count":1,"href":"https:\/\/celtaatletismo.es\/blog\/wp-json\/wp\/v2\/posts\/2924\/revisions"}],"predecessor-version":[{"id":2925,"href":"https:\/\/celtaatletismo.es\/blog\/wp-json\/wp\/v2\/posts\/2924\/revisions\/2925"}],"wp:attachment":[{"href":"https:\/\/celtaatletismo.es\/blog\/wp-json\/wp\/v2\/media?parent=2924"}],"wp:term":[{"taxonomy":"category","embeddable":true,"href":"https:\/\/celtaatletismo.es\/blog\/wp-json\/wp\/v2\/categories?post=2924"},{"taxonomy":"post_tag","embeddable":true,"href":"https:\/\/celtaatletismo.es\/blog\/wp-json\/wp\/v2\/tags?post=2924"}],"curies":[{"name":"wp","href":"https:\/\/api.w.org\/{rel}","templated":true}]}}