{"id":11839,"date":"2023-06-12T23:04:15","date_gmt":"2023-06-12T21:04:15","guid":{"rendered":"https:\/\/celtaatletismo.es\/blog\/?p=11839"},"modified":"2024-06-26T16:20:50","modified_gmt":"2024-06-26T14:20:50","slug":"xv-trofeo-alfonso-posada","status":"publish","type":"post","link":"https:\/\/celtaatletismo.es\/blog\/xv-trofeo-alfonso-posada\/","title":{"rendered":"XV TROFEO ALFONSO POSADA"},"content":{"rendered":"<p>El <b>Real Club Celta de Atletismo <\/b>y el <b>Club Atletismo Femenino Celta<\/b>, con el patrocinio del Concello de Vigo, la Xunta de Galicia, la Fundaci\u00f3n Deporte Galego, la Deputaci\u00f3n Provincial de Pontevedra, Abanca, las Empresas Colaboradoras del Grupo Celta Atletismo y la colaboraci\u00f3n de la Federaci\u00f3n Galega de Atletismo y del Comit\u00e9 Galego de Xu\u00edces, organizar\u00e1n conjuntamente el <b>\u201cXV TROFEO ALFONSO POSADA\u201d<\/b>. Un homenaje desde el coraz\u00f3n y desde el agradecimiento eterno a nuestro presidente em\u00e9rito fallecido el pasado a\u00f1o.<\/p>\n<p><b>El \u201cXV TROFEO ALFONSO POSADA\u201d <\/b>tendr\u00e1 lugar el viernes<b> 23 de junio <\/b>a partir de las 18:00h en el<b> Estadio Municipal de Atletismo de Bala\u00eddos (Vigo)<\/b><\/p>\n<p>La competici\u00f3n estar\u00e1 controlada por el Comit\u00e9 Galego de Xu\u00edces de la Federaci\u00f3n Galega de Atletismo y estar\u00e1 incluida en el Calendario RFEA de Nivel II. Todo lo reflejado en el presente reglamento se regir\u00e1 por las normas vigentes de la FGA, RFEA y World Athletics.<\/p>\n<p>Puedes acceder a toda la informaci\u00f3n en el link del reglamento: <a href=\"https:\/\/celtaatletismo.es\/blog\/wp-content\/uploads\/2023\/06\/REGLAMENTO.-XV-TROFEO-POSADA.-230623.pdf\">REGLAMENTO XV TROFEO POSADA.<\/a><\/p>\n<p>Link a las inscripciones para atletas gallegos: <a href=\"https:\/\/atletismo.gal\/competicions\/xv-trofeo-alfonso-posada\/\">LINK<\/a><\/p>\n<p class=\"p2\">\n","protected":false},"excerpt":{"rendered":"<p>El Real Club Celta de Atletismo y el Club Atletismo Femenino Celta, con el patrocinio del Concello de Vigo, la Xunta de Galicia, la Fundaci\u00f3n Deporte Galego, la Deputaci\u00f3n Provincial de Pontevedra, Abanca, las Empresas Colaboradoras del Grupo Celta Atletismo y la colaboraci\u00f3n de la Federaci\u00f3n Galega de Atletismo y del Comit\u00e9 Galego de Xu\u00edces, [&hellip;]<\/p>\n","protected":false},"author":10,"featured_media":11841,"comment_status":"open","ping_status":"closed","sticky":false,"template":"","format":"standard","meta":{"_monsterinsights_skip_tracking":false,"_monsterinsights_sitenote_active":false,"_monsterinsights_sitenote_note":"","_monsterinsights_sitenote_category":0},"categories":[1,589,535,536,570,574,551],"tags":[],"yoast_head":"<!-- This site is optimized with the Yoast SEO plugin v20.9 - https:\/\/yoast.com\/wordpress\/plugins\/seo\/ -->\n<title>XV TROFEO ALFONSO POSADA - Celta Atletismo<\/title>\n<meta name=\"robots\" content=\"index, follow, max-snippet:-1, max-image-preview:large, max-video-preview:-1\" \/>\n<link rel=\"canonical\" href=\"https:\/\/celtaatletismo.es\/blog\/xv-trofeo-alfonso-posada\/\" \/>\n<meta property=\"og:locale\" content=\"es_ES\" \/>\n<meta property=\"og:type\" content=\"article\" \/>\n<meta property=\"og:title\" content=\"XV TROFEO ALFONSO POSADA - Celta Atletismo\" \/>\n<meta property=\"og:description\" content=\"El Real Club Celta de Atletismo y el Club Atletismo Femenino Celta, con el patrocinio del Concello de Vigo, la Xunta de Galicia, la Fundaci\u00f3n Deporte Galego, la Deputaci\u00f3n Provincial de Pontevedra, Abanca, las Empresas Colaboradoras del Grupo Celta Atletismo y la colaboraci\u00f3n de la Federaci\u00f3n Galega de Atletismo y del Comit\u00e9 Galego de Xu\u00edces, [&hellip;]\" \/>\n<meta property=\"og:url\" content=\"https:\/\/celtaatletismo.es\/blog\/xv-trofeo-alfonso-posada\/\" \/>\n<meta property=\"og:site_name\" content=\"Celta Atletismo\" \/>\n<meta property=\"article:publisher\" content=\"https:\/\/www.facebook.com\/Real-Club-Celta-de-Atletismo-Atletismo-Femenino-Celta-177005092323603\/\" \/>\n<meta property=\"article:published_time\" content=\"2023-06-12T21:04:15+00:00\" \/>\n<meta property=\"article:modified_time\" content=\"2024-06-26T14:20:50+00:00\" \/>\n<meta property=\"og:image\" content=\"https:\/\/celtaatletismo.es\/blog\/wp-content\/uploads\/2023\/06\/CARTEL-scaled.jpg\" \/>\n\t<meta property=\"og:image:width\" content=\"1810\" \/>\n\t<meta property=\"og:image:height\" content=\"2560\" \/>\n\t<meta property=\"og:image:type\" content=\"image\/jpeg\" \/>\n<meta name=\"author\" content=\"Celta Atletismo\" \/>\n<meta name=\"twitter:card\" content=\"summary_large_image\" \/>\n<meta name=\"twitter:creator\" content=\"@CeltaAtletismo\" \/>\n<meta name=\"twitter:site\" content=\"@CeltaAtletismo\" \/>\n<meta name=\"twitter:label1\" content=\"Escrito por\" \/>\n\t<meta name=\"twitter:data1\" content=\"Celta Atletismo\" \/>\n\t<meta name=\"twitter:label2\" content=\"Tiempo de lectura\" \/>\n\t<meta name=\"twitter:data2\" content=\"1 minuto\" \/>\n<script type=\"application\/ld+json\" class=\"yoast-schema-graph\">{\"@context\":\"https:\/\/schema.org\",\"@graph\":[{\"@type\":\"Article\",\"@id\":\"https:\/\/celtaatletismo.es\/blog\/xv-trofeo-alfonso-posada\/#article\",\"isPartOf\":{\"@id\":\"https:\/\/celtaatletismo.es\/blog\/xv-trofeo-alfonso-posada\/\"},\"author\":{\"name\":\"Celta Atletismo\",\"@id\":\"https:\/\/celtaatletismo.es\/blog\/#\/schema\/person\/0cc377de6986c44118882ce271368236\"},\"headline\":\"XV TROFEO ALFONSO POSADA\",\"datePublished\":\"2023-06-12T21:04:15+00:00\",\"dateModified\":\"2024-06-26T14:20:50+00:00\",\"mainEntityOfPage\":{\"@id\":\"https:\/\/celtaatletismo.es\/blog\/xv-trofeo-alfonso-posada\/\"},\"wordCount\":192,\"commentCount\":0,\"publisher\":{\"@id\":\"https:\/\/celtaatletismo.es\/blog\/#organization\"},\"articleSection\":[\"Actualidade\",\"Alfonso Posada\",\"Circulares del Club\",\"Competiciones\",\"Competici\u00f3ns do clube\",\"Noticia destacada\",\"Noticias\"],\"inLanguage\":\"es\",\"potentialAction\":[{\"@type\":\"CommentAction\",\"name\":\"Comment\",\"target\":[\"https:\/\/celtaatletismo.es\/blog\/xv-trofeo-alfonso-posada\/#respond\"]}]},{\"@type\":\"WebPage\",\"@id\":\"https:\/\/celtaatletismo.es\/blog\/xv-trofeo-alfonso-posada\/\",\"url\":\"https:\/\/celtaatletismo.es\/blog\/xv-trofeo-alfonso-posada\/\",\"name\":\"XV TROFEO ALFONSO POSADA - Celta Atletismo\",\"isPartOf\":{\"@id\":\"https:\/\/celtaatletismo.es\/blog\/#website\"},\"datePublished\":\"2023-06-12T21:04:15+00:00\",\"dateModified\":\"2024-06-26T14:20:50+00:00\",\"breadcrumb\":{\"@id\":\"https:\/\/celtaatletismo.es\/blog\/xv-trofeo-alfonso-posada\/#breadcrumb\"},\"inLanguage\":\"es\",\"potentialAction\":[{\"@type\":\"ReadAction\",\"target\":[\"https:\/\/celtaatletismo.es\/blog\/xv-trofeo-alfonso-posada\/\"]}]},{\"@type\":\"BreadcrumbList\",\"@id\":\"https:\/\/celtaatletismo.es\/blog\/xv-trofeo-alfonso-posada\/#breadcrumb\",\"itemListElement\":[{\"@type\":\"ListItem\",\"position\":1,\"name\":\"Portada\",\"item\":\"https:\/\/celtaatletismo.es\/blog\/\"},{\"@type\":\"ListItem\",\"position\":2,\"name\":\"XV TROFEO ALFONSO POSADA\"}]},{\"@type\":\"WebSite\",\"@id\":\"https:\/\/celtaatletismo.es\/blog\/#website\",\"url\":\"https:\/\/celtaatletismo.es\/blog\/\",\"name\":\"Celta Atletismo\",\"description\":\"Web oficial del Real Club Celta Atletismo y del Club Atletismo Femenino Celta\",\"publisher\":{\"@id\":\"https:\/\/celtaatletismo.es\/blog\/#organization\"},\"potentialAction\":[{\"@type\":\"SearchAction\",\"target\":{\"@type\":\"EntryPoint\",\"urlTemplate\":\"https:\/\/celtaatletismo.es\/blog\/?s={search_term_string}\"},\"query-input\":\"required name=search_term_string\"}],\"inLanguage\":\"es\"},{\"@type\":\"Organization\",\"@id\":\"https:\/\/celtaatletismo.es\/blog\/#organization\",\"name\":\"Celta Atletismo\",\"url\":\"https:\/\/celtaatletismo.es\/blog\/\",\"logo\":{\"@type\":\"ImageObject\",\"inLanguage\":\"es\",\"@id\":\"https:\/\/celtaatletismo.es\/blog\/#\/schema\/logo\/image\/\",\"url\":\"https:\/\/celtaatletismo.es\/blog\/wp-content\/uploads\/2018\/12\/logo-web-celta-atletismo-solo.png\",\"contentUrl\":\"https:\/\/celtaatletismo.es\/blog\/wp-content\/uploads\/2018\/12\/logo-web-celta-atletismo-solo.png\",\"width\":555,\"height\":171,\"caption\":\"Celta Atletismo\"},\"image\":{\"@id\":\"https:\/\/celtaatletismo.es\/blog\/#\/schema\/logo\/image\/\"},\"sameAs\":[\"https:\/\/www.facebook.com\/Real-Club-Celta-de-Atletismo-Atletismo-Femenino-Celta-177005092323603\/\",\"https:\/\/twitter.com\/CeltaAtletismo\"]},{\"@type\":\"Person\",\"@id\":\"https:\/\/celtaatletismo.es\/blog\/#\/schema\/person\/0cc377de6986c44118882ce271368236\",\"name\":\"Celta Atletismo\",\"image\":{\"@type\":\"ImageObject\",\"inLanguage\":\"es\",\"@id\":\"https:\/\/celtaatletismo.es\/blog\/#\/schema\/person\/image\/\",\"url\":\"https:\/\/secure.gravatar.com\/avatar\/eb683c7f17cacdb2eb6a21ccb376e679?s=96&d=mm&r=g\",\"contentUrl\":\"https:\/\/secure.gravatar.com\/avatar\/eb683c7f17cacdb2eb6a21ccb376e679?s=96&d=mm&r=g\",\"caption\":\"Celta Atletismo\"},\"url\":\"https:\/\/celtaatletismo.es\/blog\/author\/celta-atletismo\/\"}]}<\/script>\n<!-- \/ Yoast SEO plugin. -->","yoast_head_json":{"title":"XV TROFEO ALFONSO POSADA - Celta Atletismo","robots":{"index":"index","follow":"follow","max-snippet":"max-snippet:-1","max-image-preview":"max-image-preview:large","max-video-preview":"max-video-preview:-1"},"canonical":"https:\/\/celtaatletismo.es\/blog\/xv-trofeo-alfonso-posada\/","og_locale":"es_ES","og_type":"article","og_title":"XV TROFEO ALFONSO POSADA - Celta Atletismo","og_description":"El Real Club Celta de Atletismo y el Club Atletismo Femenino Celta, con el patrocinio del Concello de Vigo, la Xunta de Galicia, la Fundaci\u00f3n Deporte Galego, la Deputaci\u00f3n Provincial de Pontevedra, Abanca, las Empresas Colaboradoras del Grupo Celta Atletismo y la colaboraci\u00f3n de la Federaci\u00f3n Galega de Atletismo y del Comit\u00e9 Galego de Xu\u00edces, [&hellip;]","og_url":"https:\/\/celtaatletismo.es\/blog\/xv-trofeo-alfonso-posada\/","og_site_name":"Celta Atletismo","article_publisher":"https:\/\/www.facebook.com\/Real-Club-Celta-de-Atletismo-Atletismo-Femenino-Celta-177005092323603\/","article_published_time":"2023-06-12T21:04:15+00:00","article_modified_time":"2024-06-26T14:20:50+00:00","og_image":[{"width":1810,"height":2560,"url":"https:\/\/celtaatletismo.es\/blog\/wp-content\/uploads\/2023\/06\/CARTEL-scaled.jpg","type":"image\/jpeg"}],"author":"Celta Atletismo","twitter_card":"summary_large_image","twitter_creator":"@CeltaAtletismo","twitter_site":"@CeltaAtletismo","twitter_misc":{"Escrito por":"Celta Atletismo","Tiempo de lectura":"1 minuto"},"schema":{"@context":"https:\/\/schema.org","@graph":[{"@type":"Article","@id":"https:\/\/celtaatletismo.es\/blog\/xv-trofeo-alfonso-posada\/#article","isPartOf":{"@id":"https:\/\/celtaatletismo.es\/blog\/xv-trofeo-alfonso-posada\/"},"author":{"name":"Celta Atletismo","@id":"https:\/\/celtaatletismo.es\/blog\/#\/schema\/person\/0cc377de6986c44118882ce271368236"},"headline":"XV TROFEO ALFONSO POSADA","datePublished":"2023-06-12T21:04:15+00:00","dateModified":"2024-06-26T14:20:50+00:00","mainEntityOfPage":{"@id":"https:\/\/celtaatletismo.es\/blog\/xv-trofeo-alfonso-posada\/"},"wordCount":192,"commentCount":0,"publisher":{"@id":"https:\/\/celtaatletismo.es\/blog\/#organization"},"articleSection":["Actualidade","Alfonso Posada","Circulares del Club","Competiciones","Competici\u00f3ns do clube","Noticia destacada","Noticias"],"inLanguage":"es","potentialAction":[{"@type":"CommentAction","name":"Comment","target":["https:\/\/celtaatletismo.es\/blog\/xv-trofeo-alfonso-posada\/#respond"]}]},{"@type":"WebPage","@id":"https:\/\/celtaatletismo.es\/blog\/xv-trofeo-alfonso-posada\/","url":"https:\/\/celtaatletismo.es\/blog\/xv-trofeo-alfonso-posada\/","name":"XV TROFEO ALFONSO POSADA - Celta Atletismo","isPartOf":{"@id":"https:\/\/celtaatletismo.es\/blog\/#website"},"datePublished":"2023-06-12T21:04:15+00:00","dateModified":"2024-06-26T14:20:50+00:00","breadcrumb":{"@id":"https:\/\/celtaatletismo.es\/blog\/xv-trofeo-alfonso-posada\/#breadcrumb"},"inLanguage":"es","potentialAction":[{"@type":"ReadAction","target":["https:\/\/celtaatletismo.es\/blog\/xv-trofeo-alfonso-posada\/"]}]},{"@type":"BreadcrumbList","@id":"https:\/\/celtaatletismo.es\/blog\/xv-trofeo-alfonso-posada\/#breadcrumb","itemListElement":[{"@type":"ListItem","position":1,"name":"Portada","item":"https:\/\/celtaatletismo.es\/blog\/"},{"@type":"ListItem","position":2,"name":"XV TROFEO ALFONSO POSADA"}]},{"@type":"WebSite","@id":"https:\/\/celtaatletismo.es\/blog\/#website","url":"https:\/\/celtaatletismo.es\/blog\/","name":"Celta Atletismo","description":"Web oficial del Real Club Celta Atletismo y del Club Atletismo Femenino Celta","publisher":{"@id":"https:\/\/celtaatletismo.es\/blog\/#organization"},"potentialAction":[{"@type":"SearchAction","target":{"@type":"EntryPoint","urlTemplate":"https:\/\/celtaatletismo.es\/blog\/?s={search_term_string}"},"query-input":"required name=search_term_string"}],"inLanguage":"es"},{"@type":"Organization","@id":"https:\/\/celtaatletismo.es\/blog\/#organization","name":"Celta Atletismo","url":"https:\/\/celtaatletismo.es\/blog\/","logo":{"@type":"ImageObject","inLanguage":"es","@id":"https:\/\/celtaatletismo.es\/blog\/#\/schema\/logo\/image\/","url":"https:\/\/celtaatletismo.es\/blog\/wp-content\/uploads\/2018\/12\/logo-web-celta-atletismo-solo.png","contentUrl":"https:\/\/celtaatletismo.es\/blog\/wp-content\/uploads\/2018\/12\/logo-web-celta-atletismo-solo.png","width":555,"height":171,"caption":"Celta Atletismo"},"image":{"@id":"https:\/\/celtaatletismo.es\/blog\/#\/schema\/logo\/image\/"},"sameAs":["https:\/\/www.facebook.com\/Real-Club-Celta-de-Atletismo-Atletismo-Femenino-Celta-177005092323603\/","https:\/\/twitter.com\/CeltaAtletismo"]},{"@type":"Person","@id":"https:\/\/celtaatletismo.es\/blog\/#\/schema\/person\/0cc377de6986c44118882ce271368236","name":"Celta Atletismo","image":{"@type":"ImageObject","inLanguage":"es","@id":"https:\/\/celtaatletismo.es\/blog\/#\/schema\/person\/image\/","url":"https:\/\/secure.gravatar.com\/avatar\/eb683c7f17cacdb2eb6a21ccb376e679?s=96&d=mm&r=g","contentUrl":"https:\/\/secure.gravatar.com\/avatar\/eb683c7f17cacdb2eb6a21ccb376e679?s=96&d=mm&r=g","caption":"Celta Atletismo"},"url":"https:\/\/celtaatletismo.es\/blog\/author\/celta-atletismo\/"}]}},"_links":{"self":[{"href":"https:\/\/celtaatletismo.es\/blog\/wp-json\/wp\/v2\/posts\/11839"}],"collection":[{"href":"https:\/\/celtaatletismo.es\/blog\/wp-json\/wp\/v2\/posts"}],"about":[{"href":"https:\/\/celtaatletismo.es\/blog\/wp-json\/wp\/v2\/types\/post"}],"author":[{"embeddable":true,"href":"https:\/\/celtaatletismo.es\/blog\/wp-json\/wp\/v2\/users\/10"}],"replies":[{"embeddable":true,"href":"https:\/\/celtaatletismo.es\/blog\/wp-json\/wp\/v2\/comments?post=11839"}],"version-history":[{"count":3,"href":"https:\/\/celtaatletismo.es\/blog\/wp-json\/wp\/v2\/posts\/11839\/revisions"}],"predecessor-version":[{"id":11874,"href":"https:\/\/celtaatletismo.es\/blog\/wp-json\/wp\/v2\/posts\/11839\/revisions\/11874"}],"wp:featuredmedia":[{"embeddable":true,"href":"https:\/\/celtaatletismo.es\/blog\/wp-json\/wp\/v2\/media\/11841"}],"wp:attachment":[{"href":"https:\/\/celtaatletismo.es\/blog\/wp-json\/wp\/v2\/media?parent=11839"}],"wp:term":[{"taxonomy":"category","embeddable":true,"href":"https:\/\/celtaatletismo.es\/blog\/wp-json\/wp\/v2\/categories?post=11839"},{"taxonomy":"post_tag","embeddable":true,"href":"https:\/\/celtaatletismo.es\/blog\/wp-json\/wp\/v2\/tags?post=11839"}],"curies":[{"name":"wp","href":"https:\/\/api.w.org\/{rel}","templated":true}]}}