{"id":11496,"date":"2022-05-12T10:57:07","date_gmt":"2022-05-12T08:57:07","guid":{"rendered":"https:\/\/celtaatletismo.es\/blog\/?p=11496"},"modified":"2024-06-26T16:21:39","modified_gmt":"2024-06-26T14:21:39","slug":"xiv-trofeo-alfonso-posada-sempre-na-nosa-memoria-e-corazon","status":"publish","type":"post","link":"https:\/\/celtaatletismo.es\/blog\/xiv-trofeo-alfonso-posada-sempre-na-nosa-memoria-e-corazon\/","title":{"rendered":"\u00abXIV TROFEO ALFONSO POSADA\u00bb. Sempre na nosa memoria e coraz\u00f3n."},"content":{"rendered":"<p>Este d\u00eda ter\u00eda que chegar nalg\u00fan momento, Alfonso deixounos este pasado luns 9 de maio (Vigo 1931\u00a0 \u2013 2022). O noso coraz\u00f3n celeste rompeuse en mil pedazos cando recibimos tan triste nova. O noso precursor, a x\u00e9nese do no clube deix\u00e1banos na tranquilidade do seu entorno familiar.<\/p>\n<p>O atletismo moderno, tanto c\u00e9ltico como auton\u00f3mico e estatal, non se pode entrender sen a s\u00faa figura. Un rom\u00e1ntico do noso deporte, unha figura irrepetible o noso Presidente Em\u00e9rito, foise deixando un enorme legado e un cami\u00f1o a seguir. Estariamos moi felices de poder darlle o atletismo, todo o que nos ensinou Alfonso e transmitir a s\u00faa paix\u00f3n e o amor polo tart\u00e1n as novas xeraci\u00f3ns. Ainda que sabemos, que nunca chegaremos o seu nivel de excelencia, compromiso e co\u00f1ecemento.<\/p>\n<p>Esta edici\u00f3n ser\u00e1 moi triste pero especial. Creemos que \u00e9 a oportunidade da s\u00faa familia atl\u00e9tica para despedirse de \u00e9l, darlle o noso cari\u00f1o e agradecemento por todo o que nos deu, dunha maneira ou outra, nestes m\u00e1is de 50 anos de vida atl\u00e9tica.<\/p>\n<p>Alfonso, non sabes o que xa te botamos en falta. Moitas grazas por todo.<\/p>\n<p><img decoding=\"async\" loading=\"lazy\" class=\"aligncenter size-large wp-image-11486\" src=\"https:\/\/celtaatletismo.es\/blog\/blog\/wp-content\/uploads\/2022\/05\/XIV-TROFEO-ALFONSO-POSADA-CARTAZ_alfonso.-RED.-724x1024.jpg\" alt=\"\" width=\"724\" height=\"1024\" srcset=\"https:\/\/celtaatletismo.es\/blog\/wp-content\/uploads\/2022\/05\/XIV-TROFEO-ALFONSO-POSADA-CARTAZ_alfonso.-RED.-724x1024.jpg 724w, https:\/\/celtaatletismo.es\/blog\/wp-content\/uploads\/2022\/05\/XIV-TROFEO-ALFONSO-POSADA-CARTAZ_alfonso.-RED.-141x200.jpg 141w, https:\/\/celtaatletismo.es\/blog\/wp-content\/uploads\/2022\/05\/XIV-TROFEO-ALFONSO-POSADA-CARTAZ_alfonso.-RED.-768x1087.jpg 768w, https:\/\/celtaatletismo.es\/blog\/wp-content\/uploads\/2022\/05\/XIV-TROFEO-ALFONSO-POSADA-CARTAZ_alfonso.-RED..jpg 877w\" sizes=\"(max-width: 724px) 100vw, 724px\" \/><\/p>\n<p style=\"text-align: center;\"><strong><a href=\"https:\/\/celtaatletismo.es\/blog\/blog\/wp-content\/uploads\/2022\/05\/XIV-TROFEO-ALFONSO-POSADA.-REGLAMENTO-1.pdf\">Regulamento 2022<\/a><\/strong><\/p>\n","protected":false},"excerpt":{"rendered":"<p>Este d\u00eda ter\u00eda que chegar nalg\u00fan momento, Alfonso deixounos este pasado luns 9 de maio (Vigo 1931\u00a0 \u2013 2022). O noso coraz\u00f3n celeste rompeuse en mil pedazos cando recibimos tan triste nova. O noso precursor, a x\u00e9nese do no clube deix\u00e1banos na tranquilidade do seu entorno familiar. O atletismo moderno, tanto c\u00e9ltico como auton\u00f3mico e [&hellip;]<\/p>\n","protected":false},"author":10,"featured_media":11482,"comment_status":"open","ping_status":"closed","sticky":false,"template":"","format":"standard","meta":{"_monsterinsights_skip_tracking":false,"_monsterinsights_sitenote_active":false,"_monsterinsights_sitenote_note":"","_monsterinsights_sitenote_category":0},"categories":[1,589,574,551],"tags":[],"yoast_head":"<!-- This site is optimized with the Yoast SEO plugin v20.9 - https:\/\/yoast.com\/wordpress\/plugins\/seo\/ -->\n<title>&quot;XIV TROFEO ALFONSO POSADA&quot;. Sempre na nosa memoria e coraz\u00f3n. - Celta Atletismo<\/title>\n<meta name=\"robots\" content=\"index, follow, max-snippet:-1, max-image-preview:large, max-video-preview:-1\" \/>\n<link rel=\"canonical\" href=\"https:\/\/celtaatletismo.es\/blog\/xiv-trofeo-alfonso-posada-sempre-na-nosa-memoria-e-corazon\/\" \/>\n<meta property=\"og:locale\" content=\"es_ES\" \/>\n<meta property=\"og:type\" content=\"article\" \/>\n<meta property=\"og:title\" content=\"&quot;XIV TROFEO ALFONSO POSADA&quot;. Sempre na nosa memoria e coraz\u00f3n. - Celta Atletismo\" \/>\n<meta property=\"og:description\" content=\"Este d\u00eda ter\u00eda que chegar nalg\u00fan momento, Alfonso deixounos este pasado luns 9 de maio (Vigo 1931\u00a0 \u2013 2022). O noso coraz\u00f3n celeste rompeuse en mil pedazos cando recibimos tan triste nova. O noso precursor, a x\u00e9nese do no clube deix\u00e1banos na tranquilidade do seu entorno familiar. O atletismo moderno, tanto c\u00e9ltico como auton\u00f3mico e [&hellip;]\" \/>\n<meta property=\"og:url\" content=\"https:\/\/celtaatletismo.es\/blog\/xiv-trofeo-alfonso-posada-sempre-na-nosa-memoria-e-corazon\/\" \/>\n<meta property=\"og:site_name\" content=\"Celta Atletismo\" \/>\n<meta property=\"article:publisher\" content=\"https:\/\/www.facebook.com\/Real-Club-Celta-de-Atletismo-Atletismo-Femenino-Celta-177005092323603\/\" \/>\n<meta property=\"article:published_time\" content=\"2022-05-12T08:57:07+00:00\" \/>\n<meta property=\"article:modified_time\" content=\"2024-06-26T14:21:39+00:00\" \/>\n<meta property=\"og:image\" content=\"https:\/\/celtaatletismo.es\/blog\/wp-content\/uploads\/2022\/05\/42469842372_b5d1a77c86_c.jpg\" \/>\n\t<meta property=\"og:image:width\" content=\"800\" \/>\n\t<meta property=\"og:image:height\" content=\"530\" \/>\n\t<meta property=\"og:image:type\" content=\"image\/jpeg\" \/>\n<meta name=\"author\" content=\"Celta Atletismo\" \/>\n<meta name=\"twitter:card\" content=\"summary_large_image\" \/>\n<meta name=\"twitter:creator\" content=\"@CeltaAtletismo\" \/>\n<meta name=\"twitter:site\" content=\"@CeltaAtletismo\" \/>\n<meta name=\"twitter:label1\" content=\"Escrito por\" \/>\n\t<meta name=\"twitter:data1\" content=\"Celta Atletismo\" \/>\n\t<meta name=\"twitter:label2\" content=\"Tiempo de lectura\" \/>\n\t<meta name=\"twitter:data2\" content=\"2 minutos\" \/>\n<script type=\"application\/ld+json\" class=\"yoast-schema-graph\">{\"@context\":\"https:\/\/schema.org\",\"@graph\":[{\"@type\":\"Article\",\"@id\":\"https:\/\/celtaatletismo.es\/blog\/xiv-trofeo-alfonso-posada-sempre-na-nosa-memoria-e-corazon\/#article\",\"isPartOf\":{\"@id\":\"https:\/\/celtaatletismo.es\/blog\/xiv-trofeo-alfonso-posada-sempre-na-nosa-memoria-e-corazon\/\"},\"author\":{\"name\":\"Celta Atletismo\",\"@id\":\"https:\/\/celtaatletismo.es\/blog\/#\/schema\/person\/0cc377de6986c44118882ce271368236\"},\"headline\":\"\u00abXIV TROFEO ALFONSO POSADA\u00bb. Sempre na nosa memoria e coraz\u00f3n.\",\"datePublished\":\"2022-05-12T08:57:07+00:00\",\"dateModified\":\"2024-06-26T14:21:39+00:00\",\"mainEntityOfPage\":{\"@id\":\"https:\/\/celtaatletismo.es\/blog\/xiv-trofeo-alfonso-posada-sempre-na-nosa-memoria-e-corazon\/\"},\"wordCount\":214,\"commentCount\":1,\"publisher\":{\"@id\":\"https:\/\/celtaatletismo.es\/blog\/#organization\"},\"articleSection\":[\"Actualidade\",\"Alfonso Posada\",\"Noticia destacada\",\"Noticias\"],\"inLanguage\":\"es\",\"potentialAction\":[{\"@type\":\"CommentAction\",\"name\":\"Comment\",\"target\":[\"https:\/\/celtaatletismo.es\/blog\/xiv-trofeo-alfonso-posada-sempre-na-nosa-memoria-e-corazon\/#respond\"]}]},{\"@type\":\"WebPage\",\"@id\":\"https:\/\/celtaatletismo.es\/blog\/xiv-trofeo-alfonso-posada-sempre-na-nosa-memoria-e-corazon\/\",\"url\":\"https:\/\/celtaatletismo.es\/blog\/xiv-trofeo-alfonso-posada-sempre-na-nosa-memoria-e-corazon\/\",\"name\":\"\\\"XIV TROFEO ALFONSO POSADA\\\". Sempre na nosa memoria e coraz\u00f3n. - Celta Atletismo\",\"isPartOf\":{\"@id\":\"https:\/\/celtaatletismo.es\/blog\/#website\"},\"datePublished\":\"2022-05-12T08:57:07+00:00\",\"dateModified\":\"2024-06-26T14:21:39+00:00\",\"breadcrumb\":{\"@id\":\"https:\/\/celtaatletismo.es\/blog\/xiv-trofeo-alfonso-posada-sempre-na-nosa-memoria-e-corazon\/#breadcrumb\"},\"inLanguage\":\"es\",\"potentialAction\":[{\"@type\":\"ReadAction\",\"target\":[\"https:\/\/celtaatletismo.es\/blog\/xiv-trofeo-alfonso-posada-sempre-na-nosa-memoria-e-corazon\/\"]}]},{\"@type\":\"BreadcrumbList\",\"@id\":\"https:\/\/celtaatletismo.es\/blog\/xiv-trofeo-alfonso-posada-sempre-na-nosa-memoria-e-corazon\/#breadcrumb\",\"itemListElement\":[{\"@type\":\"ListItem\",\"position\":1,\"name\":\"Portada\",\"item\":\"https:\/\/celtaatletismo.es\/blog\/\"},{\"@type\":\"ListItem\",\"position\":2,\"name\":\"\u00abXIV TROFEO ALFONSO POSADA\u00bb. Sempre na nosa memoria e coraz\u00f3n.\"}]},{\"@type\":\"WebSite\",\"@id\":\"https:\/\/celtaatletismo.es\/blog\/#website\",\"url\":\"https:\/\/celtaatletismo.es\/blog\/\",\"name\":\"Celta Atletismo\",\"description\":\"Web oficial del Real Club Celta Atletismo y del Club Atletismo Femenino Celta\",\"publisher\":{\"@id\":\"https:\/\/celtaatletismo.es\/blog\/#organization\"},\"potentialAction\":[{\"@type\":\"SearchAction\",\"target\":{\"@type\":\"EntryPoint\",\"urlTemplate\":\"https:\/\/celtaatletismo.es\/blog\/?s={search_term_string}\"},\"query-input\":\"required name=search_term_string\"}],\"inLanguage\":\"es\"},{\"@type\":\"Organization\",\"@id\":\"https:\/\/celtaatletismo.es\/blog\/#organization\",\"name\":\"Celta Atletismo\",\"url\":\"https:\/\/celtaatletismo.es\/blog\/\",\"logo\":{\"@type\":\"ImageObject\",\"inLanguage\":\"es\",\"@id\":\"https:\/\/celtaatletismo.es\/blog\/#\/schema\/logo\/image\/\",\"url\":\"https:\/\/celtaatletismo.es\/blog\/wp-content\/uploads\/2018\/12\/logo-web-celta-atletismo-solo.png\",\"contentUrl\":\"https:\/\/celtaatletismo.es\/blog\/wp-content\/uploads\/2018\/12\/logo-web-celta-atletismo-solo.png\",\"width\":555,\"height\":171,\"caption\":\"Celta Atletismo\"},\"image\":{\"@id\":\"https:\/\/celtaatletismo.es\/blog\/#\/schema\/logo\/image\/\"},\"sameAs\":[\"https:\/\/www.facebook.com\/Real-Club-Celta-de-Atletismo-Atletismo-Femenino-Celta-177005092323603\/\",\"https:\/\/twitter.com\/CeltaAtletismo\"]},{\"@type\":\"Person\",\"@id\":\"https:\/\/celtaatletismo.es\/blog\/#\/schema\/person\/0cc377de6986c44118882ce271368236\",\"name\":\"Celta Atletismo\",\"image\":{\"@type\":\"ImageObject\",\"inLanguage\":\"es\",\"@id\":\"https:\/\/celtaatletismo.es\/blog\/#\/schema\/person\/image\/\",\"url\":\"https:\/\/secure.gravatar.com\/avatar\/eb683c7f17cacdb2eb6a21ccb376e679?s=96&d=mm&r=g\",\"contentUrl\":\"https:\/\/secure.gravatar.com\/avatar\/eb683c7f17cacdb2eb6a21ccb376e679?s=96&d=mm&r=g\",\"caption\":\"Celta Atletismo\"},\"url\":\"https:\/\/celtaatletismo.es\/blog\/author\/celta-atletismo\/\"}]}<\/script>\n<!-- \/ Yoast SEO plugin. -->","yoast_head_json":{"title":"\"XIV TROFEO ALFONSO POSADA\". Sempre na nosa memoria e coraz\u00f3n. - Celta Atletismo","robots":{"index":"index","follow":"follow","max-snippet":"max-snippet:-1","max-image-preview":"max-image-preview:large","max-video-preview":"max-video-preview:-1"},"canonical":"https:\/\/celtaatletismo.es\/blog\/xiv-trofeo-alfonso-posada-sempre-na-nosa-memoria-e-corazon\/","og_locale":"es_ES","og_type":"article","og_title":"\"XIV TROFEO ALFONSO POSADA\". Sempre na nosa memoria e coraz\u00f3n. - Celta Atletismo","og_description":"Este d\u00eda ter\u00eda que chegar nalg\u00fan momento, Alfonso deixounos este pasado luns 9 de maio (Vigo 1931\u00a0 \u2013 2022). O noso coraz\u00f3n celeste rompeuse en mil pedazos cando recibimos tan triste nova. O noso precursor, a x\u00e9nese do no clube deix\u00e1banos na tranquilidade do seu entorno familiar. O atletismo moderno, tanto c\u00e9ltico como auton\u00f3mico e [&hellip;]","og_url":"https:\/\/celtaatletismo.es\/blog\/xiv-trofeo-alfonso-posada-sempre-na-nosa-memoria-e-corazon\/","og_site_name":"Celta Atletismo","article_publisher":"https:\/\/www.facebook.com\/Real-Club-Celta-de-Atletismo-Atletismo-Femenino-Celta-177005092323603\/","article_published_time":"2022-05-12T08:57:07+00:00","article_modified_time":"2024-06-26T14:21:39+00:00","og_image":[{"width":800,"height":530,"url":"https:\/\/celtaatletismo.es\/blog\/wp-content\/uploads\/2022\/05\/42469842372_b5d1a77c86_c.jpg","type":"image\/jpeg"}],"author":"Celta Atletismo","twitter_card":"summary_large_image","twitter_creator":"@CeltaAtletismo","twitter_site":"@CeltaAtletismo","twitter_misc":{"Escrito por":"Celta Atletismo","Tiempo de lectura":"2 minutos"},"schema":{"@context":"https:\/\/schema.org","@graph":[{"@type":"Article","@id":"https:\/\/celtaatletismo.es\/blog\/xiv-trofeo-alfonso-posada-sempre-na-nosa-memoria-e-corazon\/#article","isPartOf":{"@id":"https:\/\/celtaatletismo.es\/blog\/xiv-trofeo-alfonso-posada-sempre-na-nosa-memoria-e-corazon\/"},"author":{"name":"Celta Atletismo","@id":"https:\/\/celtaatletismo.es\/blog\/#\/schema\/person\/0cc377de6986c44118882ce271368236"},"headline":"\u00abXIV TROFEO ALFONSO POSADA\u00bb. Sempre na nosa memoria e coraz\u00f3n.","datePublished":"2022-05-12T08:57:07+00:00","dateModified":"2024-06-26T14:21:39+00:00","mainEntityOfPage":{"@id":"https:\/\/celtaatletismo.es\/blog\/xiv-trofeo-alfonso-posada-sempre-na-nosa-memoria-e-corazon\/"},"wordCount":214,"commentCount":1,"publisher":{"@id":"https:\/\/celtaatletismo.es\/blog\/#organization"},"articleSection":["Actualidade","Alfonso Posada","Noticia destacada","Noticias"],"inLanguage":"es","potentialAction":[{"@type":"CommentAction","name":"Comment","target":["https:\/\/celtaatletismo.es\/blog\/xiv-trofeo-alfonso-posada-sempre-na-nosa-memoria-e-corazon\/#respond"]}]},{"@type":"WebPage","@id":"https:\/\/celtaatletismo.es\/blog\/xiv-trofeo-alfonso-posada-sempre-na-nosa-memoria-e-corazon\/","url":"https:\/\/celtaatletismo.es\/blog\/xiv-trofeo-alfonso-posada-sempre-na-nosa-memoria-e-corazon\/","name":"\"XIV TROFEO ALFONSO POSADA\". Sempre na nosa memoria e coraz\u00f3n. - Celta Atletismo","isPartOf":{"@id":"https:\/\/celtaatletismo.es\/blog\/#website"},"datePublished":"2022-05-12T08:57:07+00:00","dateModified":"2024-06-26T14:21:39+00:00","breadcrumb":{"@id":"https:\/\/celtaatletismo.es\/blog\/xiv-trofeo-alfonso-posada-sempre-na-nosa-memoria-e-corazon\/#breadcrumb"},"inLanguage":"es","potentialAction":[{"@type":"ReadAction","target":["https:\/\/celtaatletismo.es\/blog\/xiv-trofeo-alfonso-posada-sempre-na-nosa-memoria-e-corazon\/"]}]},{"@type":"BreadcrumbList","@id":"https:\/\/celtaatletismo.es\/blog\/xiv-trofeo-alfonso-posada-sempre-na-nosa-memoria-e-corazon\/#breadcrumb","itemListElement":[{"@type":"ListItem","position":1,"name":"Portada","item":"https:\/\/celtaatletismo.es\/blog\/"},{"@type":"ListItem","position":2,"name":"\u00abXIV TROFEO ALFONSO POSADA\u00bb. Sempre na nosa memoria e coraz\u00f3n."}]},{"@type":"WebSite","@id":"https:\/\/celtaatletismo.es\/blog\/#website","url":"https:\/\/celtaatletismo.es\/blog\/","name":"Celta Atletismo","description":"Web oficial del Real Club Celta Atletismo y del Club Atletismo Femenino Celta","publisher":{"@id":"https:\/\/celtaatletismo.es\/blog\/#organization"},"potentialAction":[{"@type":"SearchAction","target":{"@type":"EntryPoint","urlTemplate":"https:\/\/celtaatletismo.es\/blog\/?s={search_term_string}"},"query-input":"required name=search_term_string"}],"inLanguage":"es"},{"@type":"Organization","@id":"https:\/\/celtaatletismo.es\/blog\/#organization","name":"Celta Atletismo","url":"https:\/\/celtaatletismo.es\/blog\/","logo":{"@type":"ImageObject","inLanguage":"es","@id":"https:\/\/celtaatletismo.es\/blog\/#\/schema\/logo\/image\/","url":"https:\/\/celtaatletismo.es\/blog\/wp-content\/uploads\/2018\/12\/logo-web-celta-atletismo-solo.png","contentUrl":"https:\/\/celtaatletismo.es\/blog\/wp-content\/uploads\/2018\/12\/logo-web-celta-atletismo-solo.png","width":555,"height":171,"caption":"Celta Atletismo"},"image":{"@id":"https:\/\/celtaatletismo.es\/blog\/#\/schema\/logo\/image\/"},"sameAs":["https:\/\/www.facebook.com\/Real-Club-Celta-de-Atletismo-Atletismo-Femenino-Celta-177005092323603\/","https:\/\/twitter.com\/CeltaAtletismo"]},{"@type":"Person","@id":"https:\/\/celtaatletismo.es\/blog\/#\/schema\/person\/0cc377de6986c44118882ce271368236","name":"Celta Atletismo","image":{"@type":"ImageObject","inLanguage":"es","@id":"https:\/\/celtaatletismo.es\/blog\/#\/schema\/person\/image\/","url":"https:\/\/secure.gravatar.com\/avatar\/eb683c7f17cacdb2eb6a21ccb376e679?s=96&d=mm&r=g","contentUrl":"https:\/\/secure.gravatar.com\/avatar\/eb683c7f17cacdb2eb6a21ccb376e679?s=96&d=mm&r=g","caption":"Celta Atletismo"},"url":"https:\/\/celtaatletismo.es\/blog\/author\/celta-atletismo\/"}]}},"_links":{"self":[{"href":"https:\/\/celtaatletismo.es\/blog\/wp-json\/wp\/v2\/posts\/11496"}],"collection":[{"href":"https:\/\/celtaatletismo.es\/blog\/wp-json\/wp\/v2\/posts"}],"about":[{"href":"https:\/\/celtaatletismo.es\/blog\/wp-json\/wp\/v2\/types\/post"}],"author":[{"embeddable":true,"href":"https:\/\/celtaatletismo.es\/blog\/wp-json\/wp\/v2\/users\/10"}],"replies":[{"embeddable":true,"href":"https:\/\/celtaatletismo.es\/blog\/wp-json\/wp\/v2\/comments?post=11496"}],"version-history":[{"count":3,"href":"https:\/\/celtaatletismo.es\/blog\/wp-json\/wp\/v2\/posts\/11496\/revisions"}],"predecessor-version":[{"id":11503,"href":"https:\/\/celtaatletismo.es\/blog\/wp-json\/wp\/v2\/posts\/11496\/revisions\/11503"}],"wp:featuredmedia":[{"embeddable":true,"href":"https:\/\/celtaatletismo.es\/blog\/wp-json\/wp\/v2\/media\/11482"}],"wp:attachment":[{"href":"https:\/\/celtaatletismo.es\/blog\/wp-json\/wp\/v2\/media?parent=11496"}],"wp:term":[{"taxonomy":"category","embeddable":true,"href":"https:\/\/celtaatletismo.es\/blog\/wp-json\/wp\/v2\/categories?post=11496"},{"taxonomy":"post_tag","embeddable":true,"href":"https:\/\/celtaatletismo.es\/blog\/wp-json\/wp\/v2\/tags?post=11496"}],"curies":[{"name":"wp","href":"https:\/\/api.w.org\/{rel}","templated":true}]}}