{"id":10059,"date":"2020-03-05T14:11:46","date_gmt":"2020-03-05T12:11:46","guid":{"rendered":"https:\/\/celtaatletismo.es\/blog\/?p=10059"},"modified":"2020-03-05T14:11:46","modified_gmt":"2020-03-05T12:11:46","slug":"alice-finot-estara-en-el-mundial-de-media-marathon","status":"publish","type":"post","link":"https:\/\/celtaatletismo.es\/blog\/alice-finot-estara-en-el-mundial-de-media-marathon\/","title":{"rendered":"Alice Finot estar\u00e1 en el mundial de Media Marathon!."},"content":{"rendered":"<p>Ya es oficial! <strong>Alice Finot<\/strong> estar\u00e1 en el mundial de Media Marathon!.<br \/>\n<img decoding=\"async\" loading=\"lazy\" class=\"aligncenter  wp-image-10061\" src=\"https:\/\/celtaatletismo.es\/blog\/blog\/wp-content\/uploads\/2020\/03\/WhatsApp-Image-2020-03-05-at-08.53.43.jpeg\" alt=\"\" width=\"504\" height=\"756\" srcset=\"https:\/\/celtaatletismo.es\/blog\/wp-content\/uploads\/2020\/03\/WhatsApp-Image-2020-03-05-at-08.53.43.jpeg 1066w, https:\/\/celtaatletismo.es\/blog\/wp-content\/uploads\/2020\/03\/WhatsApp-Image-2020-03-05-at-08.53.43-133x200.jpeg 133w, https:\/\/celtaatletismo.es\/blog\/wp-content\/uploads\/2020\/03\/WhatsApp-Image-2020-03-05-at-08.53.43-768x1153.jpeg 768w, https:\/\/celtaatletismo.es\/blog\/wp-content\/uploads\/2020\/03\/WhatsApp-Image-2020-03-05-at-08.53.43-682x1024.jpeg 682w, https:\/\/celtaatletismo.es\/blog\/wp-content\/uploads\/2020\/03\/WhatsApp-Image-2020-03-05-at-08.53.43-360x540.jpeg 360w, https:\/\/celtaatletismo.es\/blog\/wp-content\/uploads\/2020\/03\/WhatsApp-Image-2020-03-05-at-08.53.43-750x1126.jpeg 750w\" sizes=\"(max-width: 504px) 100vw, 504px\" \/><\/p>\n<p>La Federaci\u00f3n francesa ha hecho p\u00fablica la lista de atletas que estar\u00e1n disputando el <strong>campeonato del mundo<\/strong> en la localidad polaca de <strong>Gdynia<\/strong> el <strong>29 de Marzo<\/strong>.<br \/>\nNuestra atleta francesa afincada en Vigo y entrenada por <strong>Manuel Mart\u00ednez Ageitos<\/strong>, lucir\u00e1 la camiseta de la selecci\u00f3n de su pa\u00eds, afianz\u00e1ndose as\u00ed, como una atleta de referencia en Francia.<br \/>\nLa marca de 1:13:23 que hab\u00eda logrado en la media Marathon de Barcelona el pasado 16 de Febrero, finalmente le ha dado el pase para estar en el equipo franc\u00e9s.<br \/>\nRecordemos que Finot ya posee tres medallas en diferentes campeonatos de Francia.<br \/>\nLa \u00faltima atleta celeste en participar en un campeonato mundial, hab\u00eda sido Nediam Vargas en el a\u00f1o 2017. Nediam hab\u00eda participado en la prueba de los 200ml.<br \/>\n<strong>Allez Alice<\/strong>!<\/p>\n<p><em><strong>Web oficial del Campeonato:<\/strong><\/em> <a href=\"https:\/\/www.worldathletics.org\/Competitions\/world-athletics-half-marathon-championships\">www.worldathletics.org<\/a><br \/>\n<strong><em>Prensa francesa:<\/em><\/strong> <a href=\"https:\/\/www.ouest-france.fr\/sport\/running\/semi-marathon-la-bretonne-cecilia-mobuchon-selectionnee-pour-les-mondiaux-6766334\">www.ouest-france.fr<\/a><br \/>\n<iframe loading=\"lazy\" src=\"\/\/www.youtube.com\/embed\/6G6Qa_hqSIs\" width=\"560\" height=\"314\" allowfullscreen=\"allowfullscreen\"><\/iframe><\/p>\n","protected":false},"excerpt":{"rendered":"<p>Ya es oficial! Alice Finot estar\u00e1 en el mundial de Media Marathon!. La Federaci\u00f3n francesa ha hecho p\u00fablica la lista de atletas que estar\u00e1n disputando el campeonato del mundo en la localidad polaca de Gdynia el 29 de Marzo. Nuestra atleta francesa afincada en Vigo y entrenada por Manuel Mart\u00ednez Ageitos, lucir\u00e1 la camiseta de [&hellip;]<\/p>\n","protected":false},"author":10,"featured_media":0,"comment_status":"open","ping_status":"closed","sticky":false,"template":"","format":"standard","meta":{"_monsterinsights_skip_tracking":false,"_monsterinsights_sitenote_active":false,"_monsterinsights_sitenote_note":"","_monsterinsights_sitenote_category":0},"categories":[1],"tags":[],"yoast_head":"<!-- This site is optimized with the Yoast SEO plugin v20.9 - https:\/\/yoast.com\/wordpress\/plugins\/seo\/ -->\n<title>Alice Finot estar\u00e1 en el mundial de Media Marathon!. - Celta Atletismo<\/title>\n<meta name=\"robots\" content=\"index, follow, max-snippet:-1, max-image-preview:large, max-video-preview:-1\" \/>\n<link rel=\"canonical\" href=\"https:\/\/celtaatletismo.es\/blog\/alice-finot-estara-en-el-mundial-de-media-marathon\/\" \/>\n<meta property=\"og:locale\" content=\"es_ES\" \/>\n<meta property=\"og:type\" content=\"article\" \/>\n<meta property=\"og:title\" content=\"Alice Finot estar\u00e1 en el mundial de Media Marathon!. - Celta Atletismo\" \/>\n<meta property=\"og:description\" content=\"Ya es oficial! Alice Finot estar\u00e1 en el mundial de Media Marathon!. La Federaci\u00f3n francesa ha hecho p\u00fablica la lista de atletas que estar\u00e1n disputando el campeonato del mundo en la localidad polaca de Gdynia el 29 de Marzo. Nuestra atleta francesa afincada en Vigo y entrenada por Manuel Mart\u00ednez Ageitos, lucir\u00e1 la camiseta de [&hellip;]\" \/>\n<meta property=\"og:url\" content=\"https:\/\/celtaatletismo.es\/blog\/alice-finot-estara-en-el-mundial-de-media-marathon\/\" \/>\n<meta property=\"og:site_name\" content=\"Celta Atletismo\" \/>\n<meta property=\"article:publisher\" content=\"https:\/\/www.facebook.com\/Real-Club-Celta-de-Atletismo-Atletismo-Femenino-Celta-177005092323603\/\" \/>\n<meta property=\"article:published_time\" content=\"2020-03-05T12:11:46+00:00\" \/>\n<meta property=\"og:image\" content=\"https:\/\/celtaatletismo.es\/blog\/blog\/wp-content\/uploads\/2020\/03\/WhatsApp-Image-2020-03-05-at-08.53.43.jpeg\" \/>\n<meta name=\"author\" content=\"Celta Atletismo\" \/>\n<meta name=\"twitter:card\" content=\"summary_large_image\" \/>\n<meta name=\"twitter:creator\" content=\"@CeltaAtletismo\" \/>\n<meta name=\"twitter:site\" content=\"@CeltaAtletismo\" \/>\n<meta name=\"twitter:label1\" content=\"Escrito por\" \/>\n\t<meta name=\"twitter:data1\" content=\"Celta Atletismo\" \/>\n\t<meta name=\"twitter:label2\" content=\"Tiempo de lectura\" \/>\n\t<meta name=\"twitter:data2\" content=\"1 minuto\" \/>\n<script type=\"application\/ld+json\" class=\"yoast-schema-graph\">{\"@context\":\"https:\/\/schema.org\",\"@graph\":[{\"@type\":\"Article\",\"@id\":\"https:\/\/celtaatletismo.es\/blog\/alice-finot-estara-en-el-mundial-de-media-marathon\/#article\",\"isPartOf\":{\"@id\":\"https:\/\/celtaatletismo.es\/blog\/alice-finot-estara-en-el-mundial-de-media-marathon\/\"},\"author\":{\"name\":\"Celta Atletismo\",\"@id\":\"https:\/\/celtaatletismo.es\/blog\/#\/schema\/person\/0cc377de6986c44118882ce271368236\"},\"headline\":\"Alice Finot estar\u00e1 en el mundial de Media Marathon!.\",\"datePublished\":\"2020-03-05T12:11:46+00:00\",\"dateModified\":\"2020-03-05T12:11:46+00:00\",\"mainEntityOfPage\":{\"@id\":\"https:\/\/celtaatletismo.es\/blog\/alice-finot-estara-en-el-mundial-de-media-marathon\/\"},\"wordCount\":169,\"commentCount\":0,\"publisher\":{\"@id\":\"https:\/\/celtaatletismo.es\/blog\/#organization\"},\"articleSection\":[\"Actualidade\"],\"inLanguage\":\"es\",\"potentialAction\":[{\"@type\":\"CommentAction\",\"name\":\"Comment\",\"target\":[\"https:\/\/celtaatletismo.es\/blog\/alice-finot-estara-en-el-mundial-de-media-marathon\/#respond\"]}]},{\"@type\":\"WebPage\",\"@id\":\"https:\/\/celtaatletismo.es\/blog\/alice-finot-estara-en-el-mundial-de-media-marathon\/\",\"url\":\"https:\/\/celtaatletismo.es\/blog\/alice-finot-estara-en-el-mundial-de-media-marathon\/\",\"name\":\"Alice Finot estar\u00e1 en el mundial de Media Marathon!. - Celta Atletismo\",\"isPartOf\":{\"@id\":\"https:\/\/celtaatletismo.es\/blog\/#website\"},\"datePublished\":\"2020-03-05T12:11:46+00:00\",\"dateModified\":\"2020-03-05T12:11:46+00:00\",\"breadcrumb\":{\"@id\":\"https:\/\/celtaatletismo.es\/blog\/alice-finot-estara-en-el-mundial-de-media-marathon\/#breadcrumb\"},\"inLanguage\":\"es\",\"potentialAction\":[{\"@type\":\"ReadAction\",\"target\":[\"https:\/\/celtaatletismo.es\/blog\/alice-finot-estara-en-el-mundial-de-media-marathon\/\"]}]},{\"@type\":\"BreadcrumbList\",\"@id\":\"https:\/\/celtaatletismo.es\/blog\/alice-finot-estara-en-el-mundial-de-media-marathon\/#breadcrumb\",\"itemListElement\":[{\"@type\":\"ListItem\",\"position\":1,\"name\":\"Portada\",\"item\":\"https:\/\/celtaatletismo.es\/blog\/\"},{\"@type\":\"ListItem\",\"position\":2,\"name\":\"Alice Finot estar\u00e1 en el mundial de Media Marathon!.\"}]},{\"@type\":\"WebSite\",\"@id\":\"https:\/\/celtaatletismo.es\/blog\/#website\",\"url\":\"https:\/\/celtaatletismo.es\/blog\/\",\"name\":\"Celta Atletismo\",\"description\":\"Web oficial del Real Club Celta Atletismo y del Club Atletismo Femenino Celta\",\"publisher\":{\"@id\":\"https:\/\/celtaatletismo.es\/blog\/#organization\"},\"potentialAction\":[{\"@type\":\"SearchAction\",\"target\":{\"@type\":\"EntryPoint\",\"urlTemplate\":\"https:\/\/celtaatletismo.es\/blog\/?s={search_term_string}\"},\"query-input\":\"required name=search_term_string\"}],\"inLanguage\":\"es\"},{\"@type\":\"Organization\",\"@id\":\"https:\/\/celtaatletismo.es\/blog\/#organization\",\"name\":\"Celta Atletismo\",\"url\":\"https:\/\/celtaatletismo.es\/blog\/\",\"logo\":{\"@type\":\"ImageObject\",\"inLanguage\":\"es\",\"@id\":\"https:\/\/celtaatletismo.es\/blog\/#\/schema\/logo\/image\/\",\"url\":\"https:\/\/celtaatletismo.es\/blog\/wp-content\/uploads\/2018\/12\/logo-web-celta-atletismo-solo.png\",\"contentUrl\":\"https:\/\/celtaatletismo.es\/blog\/wp-content\/uploads\/2018\/12\/logo-web-celta-atletismo-solo.png\",\"width\":555,\"height\":171,\"caption\":\"Celta Atletismo\"},\"image\":{\"@id\":\"https:\/\/celtaatletismo.es\/blog\/#\/schema\/logo\/image\/\"},\"sameAs\":[\"https:\/\/www.facebook.com\/Real-Club-Celta-de-Atletismo-Atletismo-Femenino-Celta-177005092323603\/\",\"https:\/\/twitter.com\/CeltaAtletismo\"]},{\"@type\":\"Person\",\"@id\":\"https:\/\/celtaatletismo.es\/blog\/#\/schema\/person\/0cc377de6986c44118882ce271368236\",\"name\":\"Celta Atletismo\",\"image\":{\"@type\":\"ImageObject\",\"inLanguage\":\"es\",\"@id\":\"https:\/\/celtaatletismo.es\/blog\/#\/schema\/person\/image\/\",\"url\":\"https:\/\/secure.gravatar.com\/avatar\/eb683c7f17cacdb2eb6a21ccb376e679?s=96&d=mm&r=g\",\"contentUrl\":\"https:\/\/secure.gravatar.com\/avatar\/eb683c7f17cacdb2eb6a21ccb376e679?s=96&d=mm&r=g\",\"caption\":\"Celta Atletismo\"},\"url\":\"https:\/\/celtaatletismo.es\/blog\/author\/celta-atletismo\/\"}]}<\/script>\n<!-- \/ Yoast SEO plugin. -->","yoast_head_json":{"title":"Alice Finot estar\u00e1 en el mundial de Media Marathon!. - Celta Atletismo","robots":{"index":"index","follow":"follow","max-snippet":"max-snippet:-1","max-image-preview":"max-image-preview:large","max-video-preview":"max-video-preview:-1"},"canonical":"https:\/\/celtaatletismo.es\/blog\/alice-finot-estara-en-el-mundial-de-media-marathon\/","og_locale":"es_ES","og_type":"article","og_title":"Alice Finot estar\u00e1 en el mundial de Media Marathon!. - Celta Atletismo","og_description":"Ya es oficial! Alice Finot estar\u00e1 en el mundial de Media Marathon!. La Federaci\u00f3n francesa ha hecho p\u00fablica la lista de atletas que estar\u00e1n disputando el campeonato del mundo en la localidad polaca de Gdynia el 29 de Marzo. Nuestra atleta francesa afincada en Vigo y entrenada por Manuel Mart\u00ednez Ageitos, lucir\u00e1 la camiseta de [&hellip;]","og_url":"https:\/\/celtaatletismo.es\/blog\/alice-finot-estara-en-el-mundial-de-media-marathon\/","og_site_name":"Celta Atletismo","article_publisher":"https:\/\/www.facebook.com\/Real-Club-Celta-de-Atletismo-Atletismo-Femenino-Celta-177005092323603\/","article_published_time":"2020-03-05T12:11:46+00:00","og_image":[{"url":"https:\/\/celtaatletismo.es\/blog\/blog\/wp-content\/uploads\/2020\/03\/WhatsApp-Image-2020-03-05-at-08.53.43.jpeg"}],"author":"Celta Atletismo","twitter_card":"summary_large_image","twitter_creator":"@CeltaAtletismo","twitter_site":"@CeltaAtletismo","twitter_misc":{"Escrito por":"Celta Atletismo","Tiempo de lectura":"1 minuto"},"schema":{"@context":"https:\/\/schema.org","@graph":[{"@type":"Article","@id":"https:\/\/celtaatletismo.es\/blog\/alice-finot-estara-en-el-mundial-de-media-marathon\/#article","isPartOf":{"@id":"https:\/\/celtaatletismo.es\/blog\/alice-finot-estara-en-el-mundial-de-media-marathon\/"},"author":{"name":"Celta Atletismo","@id":"https:\/\/celtaatletismo.es\/blog\/#\/schema\/person\/0cc377de6986c44118882ce271368236"},"headline":"Alice Finot estar\u00e1 en el mundial de Media Marathon!.","datePublished":"2020-03-05T12:11:46+00:00","dateModified":"2020-03-05T12:11:46+00:00","mainEntityOfPage":{"@id":"https:\/\/celtaatletismo.es\/blog\/alice-finot-estara-en-el-mundial-de-media-marathon\/"},"wordCount":169,"commentCount":0,"publisher":{"@id":"https:\/\/celtaatletismo.es\/blog\/#organization"},"articleSection":["Actualidade"],"inLanguage":"es","potentialAction":[{"@type":"CommentAction","name":"Comment","target":["https:\/\/celtaatletismo.es\/blog\/alice-finot-estara-en-el-mundial-de-media-marathon\/#respond"]}]},{"@type":"WebPage","@id":"https:\/\/celtaatletismo.es\/blog\/alice-finot-estara-en-el-mundial-de-media-marathon\/","url":"https:\/\/celtaatletismo.es\/blog\/alice-finot-estara-en-el-mundial-de-media-marathon\/","name":"Alice Finot estar\u00e1 en el mundial de Media Marathon!. - Celta Atletismo","isPartOf":{"@id":"https:\/\/celtaatletismo.es\/blog\/#website"},"datePublished":"2020-03-05T12:11:46+00:00","dateModified":"2020-03-05T12:11:46+00:00","breadcrumb":{"@id":"https:\/\/celtaatletismo.es\/blog\/alice-finot-estara-en-el-mundial-de-media-marathon\/#breadcrumb"},"inLanguage":"es","potentialAction":[{"@type":"ReadAction","target":["https:\/\/celtaatletismo.es\/blog\/alice-finot-estara-en-el-mundial-de-media-marathon\/"]}]},{"@type":"BreadcrumbList","@id":"https:\/\/celtaatletismo.es\/blog\/alice-finot-estara-en-el-mundial-de-media-marathon\/#breadcrumb","itemListElement":[{"@type":"ListItem","position":1,"name":"Portada","item":"https:\/\/celtaatletismo.es\/blog\/"},{"@type":"ListItem","position":2,"name":"Alice Finot estar\u00e1 en el mundial de Media Marathon!."}]},{"@type":"WebSite","@id":"https:\/\/celtaatletismo.es\/blog\/#website","url":"https:\/\/celtaatletismo.es\/blog\/","name":"Celta Atletismo","description":"Web oficial del Real Club Celta Atletismo y del Club Atletismo Femenino Celta","publisher":{"@id":"https:\/\/celtaatletismo.es\/blog\/#organization"},"potentialAction":[{"@type":"SearchAction","target":{"@type":"EntryPoint","urlTemplate":"https:\/\/celtaatletismo.es\/blog\/?s={search_term_string}"},"query-input":"required name=search_term_string"}],"inLanguage":"es"},{"@type":"Organization","@id":"https:\/\/celtaatletismo.es\/blog\/#organization","name":"Celta Atletismo","url":"https:\/\/celtaatletismo.es\/blog\/","logo":{"@type":"ImageObject","inLanguage":"es","@id":"https:\/\/celtaatletismo.es\/blog\/#\/schema\/logo\/image\/","url":"https:\/\/celtaatletismo.es\/blog\/wp-content\/uploads\/2018\/12\/logo-web-celta-atletismo-solo.png","contentUrl":"https:\/\/celtaatletismo.es\/blog\/wp-content\/uploads\/2018\/12\/logo-web-celta-atletismo-solo.png","width":555,"height":171,"caption":"Celta Atletismo"},"image":{"@id":"https:\/\/celtaatletismo.es\/blog\/#\/schema\/logo\/image\/"},"sameAs":["https:\/\/www.facebook.com\/Real-Club-Celta-de-Atletismo-Atletismo-Femenino-Celta-177005092323603\/","https:\/\/twitter.com\/CeltaAtletismo"]},{"@type":"Person","@id":"https:\/\/celtaatletismo.es\/blog\/#\/schema\/person\/0cc377de6986c44118882ce271368236","name":"Celta Atletismo","image":{"@type":"ImageObject","inLanguage":"es","@id":"https:\/\/celtaatletismo.es\/blog\/#\/schema\/person\/image\/","url":"https:\/\/secure.gravatar.com\/avatar\/eb683c7f17cacdb2eb6a21ccb376e679?s=96&d=mm&r=g","contentUrl":"https:\/\/secure.gravatar.com\/avatar\/eb683c7f17cacdb2eb6a21ccb376e679?s=96&d=mm&r=g","caption":"Celta Atletismo"},"url":"https:\/\/celtaatletismo.es\/blog\/author\/celta-atletismo\/"}]}},"_links":{"self":[{"href":"https:\/\/celtaatletismo.es\/blog\/wp-json\/wp\/v2\/posts\/10059"}],"collection":[{"href":"https:\/\/celtaatletismo.es\/blog\/wp-json\/wp\/v2\/posts"}],"about":[{"href":"https:\/\/celtaatletismo.es\/blog\/wp-json\/wp\/v2\/types\/post"}],"author":[{"embeddable":true,"href":"https:\/\/celtaatletismo.es\/blog\/wp-json\/wp\/v2\/users\/10"}],"replies":[{"embeddable":true,"href":"https:\/\/celtaatletismo.es\/blog\/wp-json\/wp\/v2\/comments?post=10059"}],"version-history":[{"count":2,"href":"https:\/\/celtaatletismo.es\/blog\/wp-json\/wp\/v2\/posts\/10059\/revisions"}],"predecessor-version":[{"id":10062,"href":"https:\/\/celtaatletismo.es\/blog\/wp-json\/wp\/v2\/posts\/10059\/revisions\/10062"}],"wp:attachment":[{"href":"https:\/\/celtaatletismo.es\/blog\/wp-json\/wp\/v2\/media?parent=10059"}],"wp:term":[{"taxonomy":"category","embeddable":true,"href":"https:\/\/celtaatletismo.es\/blog\/wp-json\/wp\/v2\/categories?post=10059"},{"taxonomy":"post_tag","embeddable":true,"href":"https:\/\/celtaatletismo.es\/blog\/wp-json\/wp\/v2\/tags?post=10059"}],"curies":[{"name":"wp","href":"https:\/\/api.w.org\/{rel}","templated":true}]}}